{"id":16849,"date":"2025-07-16T11:29:40","date_gmt":"2025-07-16T15:29:40","guid":{"rendered":"https:\/\/agromt.news\/?p=16849"},"modified":"2025-07-16T11:29:40","modified_gmt":"2025-07-16T15:29:40","slug":"tarifa-dos-eua-trava-exportacao-de-2-500-conteineres-de-manga-do-brasil","status":"publish","type":"post","link":"https:\/\/agromt.news\/?p=16849","title":{"rendered":"Tarifa dos EUA trava exporta\u00e7\u00e3o de 2.500 cont\u00eaineres de manga do Brasil"},"content":{"rendered":"<p> <br \/>\n<br \/><img decoding=\"async\" src=\"https:\/\/agromt.news\/wp-content\/uploads\/2025\/07\/Tarifa-dos-EUA-trava-exportacao-de-2500-conteineres-de-manga.jpg\" \/><\/p>\n<div>\n<p>O presidente da Associa\u00e7\u00e3o Brasileira dos Produtores e Exportadores de Frutas e Derivados <strong><a href=\"http:\/\/www.canalrural.com.br\/tag\/abrafrutas\/\">(Abrafrutas)<\/a><\/strong>, Guilherme Coelho, manifestou forte preocupa\u00e7\u00e3o com o an\u00fancio do presidente e pr\u00e9-candidato Donald Trump de impor uma tarifa adicional de 50% sobre os produtos brasileiros exportados para os Estados Unidos, a partir de 1\u00ba de agosto. O impacto imediato, segundo ele, recai sobre a manga, uma das principais frutas exportadas pelo Brasil ao mercado norte-americano.<\/p>\n<p>A medida, segundo Coelho, atinge diretamente a janela de dois meses e meio em que o Brasil tradicionalmente abastece os EUA com manga, em um per\u00edodo planejado com anos de anteced\u00eancia. \u201cJ\u00e1 foram compradas embalagens, reservados cont\u00eaineres e firmados contratos com supermercados e importadores. Uma mudan\u00e7a brusca como essa gera inseguran\u00e7a em toda a cadeia\u201d, afirmou.<\/p>\n<p><iframe title=\"Tarifa dos EUA trava exporta\u00e7\u00e3o de 2.500 cont\u00eaineres de manga do Brasil, diz Abrafrutas\" width=\"800\" height=\"450\" src=\"https:\/\/www.youtube.com\/embed\/FJu_83mNKHc?feature=oembed\" frameborder=\"0\" allow=\"accelerometer; autoplay; clipboard-write; encrypted-media; gyroscope; picture-in-picture; web-share\" referrerpolicy=\"strict-origin-when-cross-origin\" allowfullscreen><\/iframe><noscript><iframe title=\"Tarifa dos EUA trava exporta\u00e7\u00e3o de 2.500 cont\u00eaineres de manga do Brasil, diz Abrafrutas\" width=\"800\" height=\"450\" src=\"https:\/\/www.youtube.com\/embed\/FJu_83mNKHc?feature=oembed\" frameborder=\"0\" allow=\"accelerometer; autoplay; clipboard-write; encrypted-media; gyroscope; picture-in-picture; web-share\" referrerpolicy=\"strict-origin-when-cross-origin\" allowfullscreen><\/iframe><\/noscript><\/p>\n<p>O setor estima que cerca de 2.500 cont\u00eaineres de manga seriam exportados durante a temporada. Com a tarifa, esses embarques ficam inviabilizados economicamente. Enviar as frutas para a Europa, segundo Coelho, causaria um colapso nos pre\u00e7os locais, enquanto o redirecionamento ao mercado interno resultaria em excesso de oferta, perda de valor e risco de desperd\u00edcio.<\/p>\n<p>\u201cO produto poder\u00e1 chegar a valer zero. E isso significa deixar de colher, perder a produ\u00e7\u00e3o e enfrentar desemprego em larga escala\u201d, alertou o presidente da Abrafrutas.<\/p>\n<\/div>\n<div>\n<p>A entidade participou de uma reuni\u00e3o com o vice-presidente Geraldo Alckmin e ministros do governo federal, junto com representantes de outros setores afetados, como carne, peixe, suco de laranja e mel. A proposta do setor \u00e9 que o Brasil negocie com os Estados Unidos a retirada de alimentos da lista de produtos que receber\u00e3o a nova tarifa.<\/p>\n<p>\u201cN\u00e3o podemos aceitar que alimentos sejam taxados dessa forma, especialmente em um mundo onde milh\u00f5es passam fome. \u00c9 uma quest\u00e3o humanit\u00e1ria\u201d, defendeu Coelho.<\/p>\n<p>Al\u00e9m da diplomacia oficial, a estrat\u00e9gia da Abrafrutas envolve di\u00e1logo direto com importadores americanos, para pressionar o governo local e associa\u00e7\u00f5es comerciais a reverem a medida.<\/p>\n<p>\u201c\u00c9 hora de di\u00e1logo, bom senso e equil\u00edbrio. Todos perder\u00e3o com essa taxa\u00e7\u00e3o\u201d, concluiu.<\/p>\n<\/p><\/div>\n<p><br \/>\n<br \/><a href=\"https:\/\/www.canalrural.com.br\/agricultura\/tarifa-dos-eua-trava-exportacao-de-2-500-conteineres-de-manga-do-brasil\/\">Source link <\/a><\/p>\n","protected":false},"excerpt":{"rendered":"<p>O presidente da Associa\u00e7\u00e3o Brasileira dos Produtores e Exportadores de Frutas e Derivados (Abrafrutas), Guilherme Coelho, manifestou forte preocupa\u00e7\u00e3o com<\/p>\n","protected":false},"author":1,"featured_media":16850,"comment_status":"open","ping_status":"open","sticky":false,"template":"","format":"standard","meta":{"_monsterinsights_skip_tracking":false,"_monsterinsights_sitenote_active":false,"_monsterinsights_sitenote_note":"","_monsterinsights_sitenote_category":0,"_uf_show_specific_survey":0,"_uf_disable_surveys":false,"footnotes":""},"categories":[1],"tags":[],"class_list":["post-16849","post","type-post","status-publish","format-standard","has-post-thumbnail","hentry","category-news"],"_links":{"self":[{"href":"https:\/\/agromt.news\/index.php?rest_route=\/wp\/v2\/posts\/16849"}],"collection":[{"href":"https:\/\/agromt.news\/index.php?rest_route=\/wp\/v2\/posts"}],"about":[{"href":"https:\/\/agromt.news\/index.php?rest_route=\/wp\/v2\/types\/post"}],"author":[{"embeddable":true,"href":"https:\/\/agromt.news\/index.php?rest_route=\/wp\/v2\/users\/1"}],"replies":[{"embeddable":true,"href":"https:\/\/agromt.news\/index.php?rest_route=%2Fwp%2Fv2%2Fcomments&post=16849"}],"version-history":[{"count":0,"href":"https:\/\/agromt.news\/index.php?rest_route=\/wp\/v2\/posts\/16849\/revisions"}],"wp:featuredmedia":[{"embeddable":true,"href":"https:\/\/agromt.news\/index.php?rest_route=\/wp\/v2\/media\/16850"}],"wp:attachment":[{"href":"https:\/\/agromt.news\/index.php?rest_route=%2Fwp%2Fv2%2Fmedia&parent=16849"}],"wp:term":[{"taxonomy":"category","embeddable":true,"href":"https:\/\/agromt.news\/index.php?rest_route=%2Fwp%2Fv2%2Fcategories&post=16849"},{"taxonomy":"post_tag","embeddable":true,"href":"https:\/\/agromt.news\/index.php?rest_route=%2Fwp%2Fv2%2Ftags&post=16849"}],"curies":[{"name":"wp","href":"https:\/\/api.w.org\/{rel}","templated":true}]}}