{"id":16847,"date":"2025-07-16T11:12:53","date_gmt":"2025-07-16T15:12:53","guid":{"rendered":"https:\/\/agromt.news\/?p=16847"},"modified":"2025-07-16T11:12:53","modified_gmt":"2025-07-16T15:12:53","slug":"tarifa-retem-em-portos-ou-em-alto-mar-30-mil-t-de-carne-destinadas-aos-eua-diz-abiec","status":"publish","type":"post","link":"https:\/\/agromt.news\/?p=16847","title":{"rendered":"Tarifa ret\u00e9m em portos ou em alto-mar 30 mil t de carne destinadas aos EUA, diz Abiec"},"content":{"rendered":"<p> <br \/>\n<br \/><img decoding=\"async\" src=\"https:\/\/agromt.news\/wp-content\/uploads\/2024\/11\/carne-ganha-competitividade-frente-a-bovina.jpg\" \/><\/p>\n<div>\n<p>A ind\u00fastria exportadora de carne bovina estima que cerca de 30 mil toneladas de mercadoria com destino aos <strong><a href=\"http:\/\/www.canalrural.com.br\/tag\/estados-unidosapa\/\">Estados Unidos<\/a><\/strong> est\u00e3o paradas em alto-mar ap\u00f3s o an\u00fancio do governo norte-americano de imposi\u00e7\u00e3o de tarifa adicional de 50% sobre produtos importados brasileiros.<\/p>\n<p><iframe title=\"Frigor\u00edficos suspendem produ\u00e7\u00e3o de carne para Estados Unidos\" width=\"800\" height=\"450\" src=\"https:\/\/www.youtube.com\/embed\/9A_RWy4dLwg?feature=oembed\" frameborder=\"0\" allow=\"accelerometer; autoplay; clipboard-write; encrypted-media; gyroscope; picture-in-picture; web-share\" referrerpolicy=\"strict-origin-when-cross-origin\" allowfullscreen><\/iframe><noscript><iframe title=\"Frigor\u00edficos suspendem produ\u00e7\u00e3o de carne para Estados Unidos\" width=\"800\" height=\"450\" src=\"https:\/\/www.youtube.com\/embed\/9A_RWy4dLwg?feature=oembed\" frameborder=\"0\" allow=\"accelerometer; autoplay; clipboard-write; encrypted-media; gyroscope; picture-in-picture; web-share\" referrerpolicy=\"strict-origin-when-cross-origin\" allowfullscreen><\/iframe><\/noscript><\/p>\n<p>\u201cTemos cerca de 30 mil toneladas de carne bovina produzidas que est\u00e3o nos portos ou em alto-mar. A nossa preocupa\u00e7\u00e3o \u00e9 como ser\u00e1 o desdobramento a partir de 1\u00ba de agosto\u201d, afirmou o presidente da Associa\u00e7\u00e3o Brasileira das Ind\u00fastrias Exportadoras de Carnes (Abiec), Roberto Perosa, a jornalistas ap\u00f3s reuni\u00e3o do setor agropecu\u00e1rio no \u00e2mbito do comit\u00ea interministerial do governo que discute a rea\u00e7\u00e3o do Executivo ao tarifa\u00e7o dos EUA.<\/p>\n<p>\u201c\u00c9 um volume em torno de US$ 150 milh\u00f5es a US$ 160 milh\u00f5es que j\u00e1 est\u00e3o produzidos e a caminho dos Estados Unidos. \u00c9 uma preocupa\u00e7\u00e3o adicional ao produtor de carne bovina\u201d, apontou.<\/p>\n<\/div>\n<div>\n<p>De acordo com Perosa, a sobretaxa de 50% torna invi\u00e1vel a exporta\u00e7\u00e3o de carne bovina aos EUA, o segundo maior comprador da prote\u00edna brasileira, atr\u00e1s apenas da China. \u201cOs frigor\u00edficos j\u00e1 est\u00e3o parando de produzir carne destinada aos Estados Unidos, haja vista a incerteza da taxa\u00e7\u00e3o\u201d, disse. Hoje, a carne bovina brasileira \u00e9 exportada ao pa\u00eds com imposto da ordem de 36%.<\/p>\n<p>Perosa afirmou que o setor levou a indica\u00e7\u00e3o ao governo de que negocia\u00e7\u00e3o com os Estados Unidos precisa continuar. \u201cNossa sugest\u00e3o de imediato \u00e9, se poss\u00edvel, uma prorroga\u00e7\u00e3o do in\u00edcio dessa taxa\u00e7\u00e3o porque existem contratos em andamento e n\u00e3o h\u00e1 tempo h\u00e1bil de desfazer esses contratos at\u00e9 dia 1\u00ba\u201d, observou o presidente da Abiec.<\/p>\n<p>Ele disse ainda que a ind\u00fastria brasileira est\u00e1 em negocia\u00e7\u00e3o com os importadores norte-americanos em apoio \u00e0s negocia\u00e7\u00f5es do governo federal, levando a relev\u00e2ncia dos n\u00fameros para ter a prorroga\u00e7\u00e3o ou revers\u00e3o da medida.<\/p>\n<p>\u201cHoje n\u00f3s complementamos a produ\u00e7\u00e3o americana, que est\u00e1 em seu menor ciclo pecu\u00e1rio dos \u00faltimos 80 anos e o Brasil exporta basicamente o que \u00e9 utilizado para produ\u00e7\u00e3o de hamb\u00fargueres, caso do dianteiro bovino\u201d, disse Perosa.<\/p>\n<\/p><\/div>\n<p><br \/>\n<br \/><a href=\"https:\/\/www.canalrural.com.br\/pecuaria\/tarifa-retem-30-mil-t-de-carne-destinadas-aos-eua\/\">Source link <\/a><\/p>\n","protected":false},"excerpt":{"rendered":"<p>A ind\u00fastria exportadora de carne bovina estima que cerca de 30 mil toneladas de mercadoria com destino aos Estados Unidos<\/p>\n","protected":false},"author":1,"featured_media":16848,"comment_status":"open","ping_status":"open","sticky":false,"template":"","format":"standard","meta":{"_monsterinsights_skip_tracking":false,"_monsterinsights_sitenote_active":false,"_monsterinsights_sitenote_note":"","_monsterinsights_sitenote_category":0,"_uf_show_specific_survey":0,"_uf_disable_surveys":false,"footnotes":""},"categories":[1],"tags":[],"class_list":["post-16847","post","type-post","status-publish","format-standard","has-post-thumbnail","hentry","category-news"],"_links":{"self":[{"href":"https:\/\/agromt.news\/index.php?rest_route=\/wp\/v2\/posts\/16847"}],"collection":[{"href":"https:\/\/agromt.news\/index.php?rest_route=\/wp\/v2\/posts"}],"about":[{"href":"https:\/\/agromt.news\/index.php?rest_route=\/wp\/v2\/types\/post"}],"author":[{"embeddable":true,"href":"https:\/\/agromt.news\/index.php?rest_route=\/wp\/v2\/users\/1"}],"replies":[{"embeddable":true,"href":"https:\/\/agromt.news\/index.php?rest_route=%2Fwp%2Fv2%2Fcomments&post=16847"}],"version-history":[{"count":0,"href":"https:\/\/agromt.news\/index.php?rest_route=\/wp\/v2\/posts\/16847\/revisions"}],"wp:featuredmedia":[{"embeddable":true,"href":"https:\/\/agromt.news\/index.php?rest_route=\/wp\/v2\/media\/16848"}],"wp:attachment":[{"href":"https:\/\/agromt.news\/index.php?rest_route=%2Fwp%2Fv2%2Fmedia&parent=16847"}],"wp:term":[{"taxonomy":"category","embeddable":true,"href":"https:\/\/agromt.news\/index.php?rest_route=%2Fwp%2Fv2%2Fcategories&post=16847"},{"taxonomy":"post_tag","embeddable":true,"href":"https:\/\/agromt.news\/index.php?rest_route=%2Fwp%2Fv2%2Ftags&post=16847"}],"curies":[{"name":"wp","href":"https:\/\/api.w.org\/{rel}","templated":true}]}}