{"id":16845,"date":"2025-07-16T10:32:09","date_gmt":"2025-07-16T14:32:09","guid":{"rendered":"https:\/\/agromt.news\/?p=16845"},"modified":"2025-07-16T10:32:09","modified_gmt":"2025-07-16T14:32:09","slug":"com-maior-demanda-precos-seguem-firmes","status":"publish","type":"post","link":"https:\/\/agromt.news\/?p=16845","title":{"rendered":"com maior demanda pre\u00e7os seguem firmes"},"content":{"rendered":"<p> <br \/>\n<br \/><img decoding=\"async\" src=\"https:\/\/agromt.news\/wp-content\/uploads\/2025\/07\/Tarifa-de-Trump-pode-causar-perdas-de-R-138-milhoes.jpg\" \/><\/p>\n<div>\n<p>Os pre\u00e7os do arroz em casca seguem firmes no mercado do Rio Grande do Sul, como apontam dados do <a href=\"https:\/\/www.canalrural.com.br\/tag\/cepea\/\">Centro de Estudos Avan\u00e7ados em Economia Aplicada (Cepea)<\/a>.\u00a0<\/p>\n<p>Trata-se da terceira semana consecutiva de avan\u00e7o nos valores do arroz, que, agora, acumulam 2,2% de alta na parcial de julho. Vale lembrar que, em junho, a queda foi de 6% e, na parcial do ano, a baixa est\u00e1 acima dos 30%.\u00a0<\/p>\n<p>Pesquisadores do Cepea indicam que foi observada maior presen\u00e7a compradora, visando renovar estoques. Por outro lado os vendedores est\u00e3o mais afastados das negocia\u00e7\u00f5es, o que for\u00e7ou as ind\u00fastrias a elevar os valores de suas ofertas.\u00a0<\/p>\n<\/div>\n<div>\n<p>Produtores consultados pelo Cepea seguem preocupados tamb\u00e9m com a nova safra, diante dos pre\u00e7os considerados baixos e com apreens\u00e3o com a guerra tarif\u00e1ria iniciada pelos Estados Unidos, que pode elevar os pre\u00e7os dos insumos.\u00a0<\/p>\n<p>Em relat\u00f3rio divulgado neste m\u00eas, a Conab estimou produ\u00e7\u00e3o de arroz da safra 2024\/25 em 12,32 milh\u00f5es de toneladas. Dessa forma o aumento registrado foi de 16,5% no comparativo com a temporada 2023\/24.\u00a0<\/p>\n<p>No contexto mundial, o USDA reduziu em ligeiro 0,1% a estimativa de produ\u00e7\u00e3o global de arroz para a temporada 2025\/26, para 541,27 milh\u00f5es de toneladas.<\/p>\n<p><em>*Sob supervis\u00e3o de Luis Roberto Toledo<\/em><\/p>\n<\/p><\/div>\n<p><br \/>\n<br \/><a href=\"https:\/\/www.canalrural.com.br\/agricultura\/arroz-com-maior-demanda-precos-seguem-firmes\/\">Source link <\/a><\/p>\n","protected":false},"excerpt":{"rendered":"<p>Os pre\u00e7os do arroz em casca seguem firmes no mercado do Rio Grande do Sul, como apontam dados do Centro<\/p>\n","protected":false},"author":1,"featured_media":16600,"comment_status":"open","ping_status":"open","sticky":false,"template":"","format":"standard","meta":{"_monsterinsights_skip_tracking":false,"_monsterinsights_sitenote_active":false,"_monsterinsights_sitenote_note":"","_monsterinsights_sitenote_category":0,"_uf_show_specific_survey":0,"_uf_disable_surveys":false,"footnotes":""},"categories":[1],"tags":[],"class_list":["post-16845","post","type-post","status-publish","format-standard","has-post-thumbnail","hentry","category-news"],"_links":{"self":[{"href":"https:\/\/agromt.news\/index.php?rest_route=\/wp\/v2\/posts\/16845"}],"collection":[{"href":"https:\/\/agromt.news\/index.php?rest_route=\/wp\/v2\/posts"}],"about":[{"href":"https:\/\/agromt.news\/index.php?rest_route=\/wp\/v2\/types\/post"}],"author":[{"embeddable":true,"href":"https:\/\/agromt.news\/index.php?rest_route=\/wp\/v2\/users\/1"}],"replies":[{"embeddable":true,"href":"https:\/\/agromt.news\/index.php?rest_route=%2Fwp%2Fv2%2Fcomments&post=16845"}],"version-history":[{"count":0,"href":"https:\/\/agromt.news\/index.php?rest_route=\/wp\/v2\/posts\/16845\/revisions"}],"wp:featuredmedia":[{"embeddable":true,"href":"https:\/\/agromt.news\/index.php?rest_route=\/wp\/v2\/media\/16600"}],"wp:attachment":[{"href":"https:\/\/agromt.news\/index.php?rest_route=%2Fwp%2Fv2%2Fmedia&parent=16845"}],"wp:term":[{"taxonomy":"category","embeddable":true,"href":"https:\/\/agromt.news\/index.php?rest_route=%2Fwp%2Fv2%2Fcategories&post=16845"},{"taxonomy":"post_tag","embeddable":true,"href":"https:\/\/agromt.news\/index.php?rest_route=%2Fwp%2Fv2%2Ftags&post=16845"}],"curies":[{"name":"wp","href":"https:\/\/api.w.org\/{rel}","templated":true}]}}