{"id":16844,"date":"2025-07-16T10:25:28","date_gmt":"2025-07-16T14:25:28","guid":{"rendered":"https:\/\/agromt.news\/?p=16844"},"modified":"2025-07-16T10:25:28","modified_gmt":"2025-07-16T14:25:28","slug":"safra-de-cana-cai-e-exige-manejo-eficiente","status":"publish","type":"post","link":"https:\/\/agromt.news\/?p=16844","title":{"rendered":"Safra de cana cai e exige manejo eficiente"},"content":{"rendered":"<p> <br \/>\n<\/p>\n<div>\n<div class=\"row\">\n<div class=\"col-lg col-infos mt-0 mt-lg-0\">\n<div class=\"section-sub-title\">\n<p itemprop=\"description\">&#13;<br \/>\n                                Para enfrentar os desafios, produtores t\u00eam investido em tecnologias&#13;\n                            <\/p>\n<\/p><\/div>\n<div class=\"container\">\n<div class=\"row\">\n<div class=\"col-lg p-0\">\n<div>\n<div class=\"block-news-main-infos mt-3 text-start\">\n<p>                                            <strong class=\"fn\" itemprop=\"author\" style=\"color: rgb(112, 112, 112); \">&#13;<br \/>\n                                                <a href=\"https:\/\/www.agrolink.com.br\/noticias\/javascript:;\" class=\"text-uppercase\" target=\"_blank\" style=\"color: rgb(112, 112, 112); \" rel=\"noopener\">Agrolink<\/a>&#13;<br \/>\n&#13;<br \/>\n                                                    &#8211; Leonardo Gottems&#13;<br \/>\n&#13;<br \/>\n                                            <\/strong><br \/>\n                                        <\/p>\n<p>                                            <abbr><time datetime=\"2025-07-16T06:43\" itemprop=\"datePublished dateModified\">Publicado em 16\/07\/2025 \u00e0s 06:43h.<\/time><\/abbr><br \/>\n                                            <\/p><\/div>\n<\/p><\/div>\n<\/p><\/div>\n<div class=\"col-lg p-0 text-lg-end\">\n<div>\n<div id=\"mdEnviarPagina\" class=\"modal fade\" role=\"dialog\">\n<div class=\"modal-dialog\">\n<div class=\"modal-content\">\n<div class=\"modal-body\">\n<p><strong>Estimado usu\u00e1rio.<\/strong><br \/>Preencha o formul\u00e1rio abaixo para remeter a p\u00e1gina.<\/p>\n<\/p><\/div>\n<\/p><\/div>\n<\/p><\/div>\n<\/div><\/div>\n<\/p><\/div>\n<\/p><\/div>\n<\/p><\/div>\n<\/p><\/div>\n<\/p><\/div>\n<div class=\"row justify-content-md-center mt-3\">\n<div class=\"col-lg-auto col-image block-news-main-image\">\n<p>                                <img decoding=\"async\" src=\"https:\/\/www.agrolink.com.br\/upload\/imagens-resizes\/e7390f16960b4976bcf47076436c6267_858x483.jpg\" class=\"lazyload img-fluid\" alt=\"Para enfrentar os desafios, produtores t\u00eam investido em tecnologias\"\/><br \/>\n                                                <span class=\"d-block mt-1\">Para enfrentar os desafios, produtores t\u00eam investido em tecnologias &#8211; Foto: Pixabay<\/span><\/p><\/div>\n<\/p><\/div>\n<div class=\"section-description section-description-noticias mt-3\">\n<p>A safra 2025\/26 de <a href=\"https:\/\/www.agrolink.com.br\/culturas\/cana-de-acucar\/?utm_source=agrolink-detalhe-noticia&amp;utm_medium=detalhe-noticia&amp;utm_campaign=links-internos\" target=\"_blank\" rel=\"noopener\">cana-de-a\u00e7\u00facar<\/a> no Brasil deve alcan\u00e7ar 663,4 milh\u00f5es de toneladas, queda de 2% em rela\u00e7\u00e3o ao ciclo anterior, segundo a Conab. A \u00e1rea plantada teve leve alta de 0,3%, chegando a 8,79 milh\u00f5es de hectares, mas a produtividade m\u00e9dia caiu 2,3%, estimada em 75,45 t\/ha. O recuo \u00e9 atribu\u00eddo a condi\u00e7\u00f5es clim\u00e1ticas adversas no in\u00edcio do ciclo e \u00e0 ocorr\u00eancia de inc\u00eandios em algumas regi\u00f5es. No Centro-Sul, maior polo produtivo, a colheita est\u00e1 em andamento, mas estiagem, calor e pragas exigem ajustes imediatos no manejo.&#13;\n<\/p>\n<p>Para enfrentar esses desafios, produtores t\u00eam investido em tecnologias que protegem os canaviais e ajudam a preservar o teor de ATR (A\u00e7\u00facares Totais Recuper\u00e1veis), fundamental para a produ\u00e7\u00e3o de a\u00e7\u00facar e etanol. A IHARA oferece solu\u00e7\u00f5es como o inseticida Maxsan, com a\u00e7\u00e3o sist\u00eamica e translaminar, eficaz contra todas as fases da cigarrinha das ra\u00edzes. O Terminus permite aplica\u00e7\u00e3o a\u00e9rea e o Zeus \u00e9 destaque no controle do Sphenophorus levis.<\/p>\n<p>\u201cSe o manejo n\u00e3o for feito no momento certo, a cigarrinha pode causar perdas de at\u00e9 50% por hectare, especialmente em \u00e1reas de alta produtividade. Isso pode representar preju\u00edzos financeiros consider\u00e1veis por hectare\u201d, alerta o engenheiro agr\u00f4nomo e gerente de Marketing Regional da IHARA, Marcos Vilhena.&#13;\n<\/p>\n<p>Na matura\u00e7\u00e3o, o Riper redistribui a energia da planta, aumentando o ATR em at\u00e9 8%, com retorno financeiro significativo. A flexibilidade na aplica\u00e7\u00e3o permite ao produtor ajustar a colheita conforme o clima, garantindo produtividade e rentabilidade mesmo em um cen\u00e1rio de instabilidade clim\u00e1tica.<br \/>&#13;<br \/>\n\u00a0<\/p>\n<\/p><\/div>\n<\/p><\/div>\n<p><script data-cfasync=\"false\">\n    !function (f, b, e, v, n, t, s) {\n        if (f.fbq) return; n = f.fbq = function () {\n            n.callMethod ?\n                n.callMethod.apply(n, arguments) : n.queue.push(arguments)\n        };\n        if (!f._fbq) f._fbq = n; n.push = n; n.loaded = !0; n.version = '2.0';\n        n.queue = []; t = b.createElement(e); t.async = !0;\n        t.src = v; s = b.getElementsByTagName(e)[0];\n        s.parentNode.insertBefore(t, s)\n    }(window, document, 'script',\n        'https:\/\/connect.facebook.net\/en_US\/fbevents.js');\n    fbq('init', '522546078623747');\n    fbq('track', 'PageView');\n<\/script><br \/>\n<br \/><br \/>\n<br \/><a href=\"https:\/\/www.agrolink.com.br\/noticias\/safra-de-cana-cai-e-exige-manejo-eficiente_503973.html\">Source link <\/a><\/p>\n","protected":false},"excerpt":{"rendered":"<p>&#13; Para enfrentar os desafios, produtores t\u00eam investido em tecnologias&#13; &#13; Agrolink&#13; &#13; &#8211; Leonardo Gottems&#13; &#13; Publicado em 16\/07\/2025<\/p>\n","protected":false},"author":1,"featured_media":1845,"comment_status":"open","ping_status":"open","sticky":false,"template":"","format":"standard","meta":{"_monsterinsights_skip_tracking":false,"_monsterinsights_sitenote_active":false,"_monsterinsights_sitenote_note":"","_monsterinsights_sitenote_category":0,"_uf_show_specific_survey":0,"_uf_disable_surveys":false,"footnotes":""},"categories":[8,1,14],"tags":[],"class_list":["post-16844","post","type-post","status-publish","format-standard","has-post-thumbnail","hentry","category-agro","category-news","category-politica-agro"],"_links":{"self":[{"href":"https:\/\/agromt.news\/index.php?rest_route=\/wp\/v2\/posts\/16844"}],"collection":[{"href":"https:\/\/agromt.news\/index.php?rest_route=\/wp\/v2\/posts"}],"about":[{"href":"https:\/\/agromt.news\/index.php?rest_route=\/wp\/v2\/types\/post"}],"author":[{"embeddable":true,"href":"https:\/\/agromt.news\/index.php?rest_route=\/wp\/v2\/users\/1"}],"replies":[{"embeddable":true,"href":"https:\/\/agromt.news\/index.php?rest_route=%2Fwp%2Fv2%2Fcomments&post=16844"}],"version-history":[{"count":0,"href":"https:\/\/agromt.news\/index.php?rest_route=\/wp\/v2\/posts\/16844\/revisions"}],"wp:featuredmedia":[{"embeddable":true,"href":"https:\/\/agromt.news\/index.php?rest_route=\/wp\/v2\/media\/1845"}],"wp:attachment":[{"href":"https:\/\/agromt.news\/index.php?rest_route=%2Fwp%2Fv2%2Fmedia&parent=16844"}],"wp:term":[{"taxonomy":"category","embeddable":true,"href":"https:\/\/agromt.news\/index.php?rest_route=%2Fwp%2Fv2%2Fcategories&post=16844"},{"taxonomy":"post_tag","embeddable":true,"href":"https:\/\/agromt.news\/index.php?rest_route=%2Fwp%2Fv2%2Ftags&post=16844"}],"curies":[{"name":"wp","href":"https:\/\/api.w.org\/{rel}","templated":true}]}}