{"id":16840,"date":"2025-07-16T10:11:13","date_gmt":"2025-07-16T14:11:13","guid":{"rendered":"https:\/\/agromt.news\/?p=16840"},"modified":"2025-07-16T10:11:13","modified_gmt":"2025-07-16T14:11:13","slug":"governador-de-mt-firma-acordo-com-a-aprosoja-mt-de-congelamento-do-valor-do","status":"publish","type":"post","link":"https:\/\/agromt.news\/?p=16840","title":{"rendered":"Governador de MT firma acordo com a Aprosoja MT de congelamento do valor do&#8230;"},"content":{"rendered":"<p> <br \/>\n<\/p>\n<div>\n<div class=\"materia\">\n<p>Diante do cen\u00e1rio de eleva\u00e7\u00e3o dos custos de produ\u00e7\u00e3o, das dificuldades mercadol\u00f3gicas e das taxas de juros em patamares proibitivos, a Associa\u00e7\u00e3o dos Produtores de Soja e Milho de Mato Grosso (Aprosoja MT) tem recebido constantes reclama\u00e7\u00f5es dos produtores em rela\u00e7\u00e3o aos aumentos do Fundo Estadual de Transporte e Habita\u00e7\u00e3o (Fethab), decorrentes de sua vincula\u00e7\u00e3o ao \u00edndice inflacion\u00e1rio. Em virtude disso, a entidade tem buscado, junto ao Governo do Estado de Mato Grosso e \u00e0 Assembleia Legislativa do Estado de Mato Grosso (ALMT) medidas que atenuem esse impacto sobre a rentabilidade do produtor rural.<\/p>\n<p>Sens\u00edveis a essa demanda, tanto a ALMT, por meio do presidente, deputado Max Russi, quanto o Governador Mauro Mendes, t\u00eam se empenhado em encontrar solu\u00e7\u00f5es para evitar um aumento descontrolado dessa contribui\u00e7\u00e3o.<\/p>\n<p>Nesta ter\u00e7a-feira (01.07), recebemos a informa\u00e7\u00e3o de que o Governador encaminhar\u00e1 \u00e0 Assembleia um projeto de lei que autoriza o congelamento dos aumentos da Unidade de Padr\u00e3o Fiscal (UPF), impactando diretamente o c\u00e1lculo do Fethab. Com isso, o compromisso firmado entre o Governador e a Aprosoja MT \u00e9 de manter o valor congelado at\u00e9 o final do ano, medida que a entidade agradece prontamente.<\/p>\n<p>Agora, a Aprosoja MT espera que a ALMT aprove o projeto, evitando, assim, um efeito inflacion\u00e1rio sobre uma contribui\u00e7\u00e3o destinada \u00e0 melhoria da infraestrutura, mas que n\u00e3o deve, em virtude do descontrole fiscal do pa\u00eds, comprometer a renda do produtor rural.<\/p>\n<p>Confira a sonora do presidente da Aprosoja MT, Lucas Costa Beber sobre o assunto:<\/p>\n<\/p><\/div>\n<div class=\"grupo-whatsapp\">\n      J\u00e1 segue nosso Canal oficial no WhatsApp? <a href=\"https:\/\/bit.ly\/Canal_NA\" target=\"_blank\" rel=\"noopener\"><strong>Clique Aqui<\/strong><\/a> para receber em primeira m\u00e3o as principais not\u00edcias do agroneg\u00f3cio\n    <\/div>\n<\/p><\/div>\n<p><script async defer src=\"https:\/\/connect.facebook.net\/en_US\/sdk.js\"><\/script><script>\n  !function(f,b,e,v,n,t,s)\n  {if(f.fbq)return;n=f.fbq=function(){n.callMethod?\n    n.callMethod.apply(n,arguments):n.queue.push(arguments)};\n    if(!f._fbq)f._fbq=n;n.push=n;n.loaded=!0;n.version='2.0';\n    n.queue=[];t=b.createElement(e);t.async=!0;\n    t.src=v;s=b.getElementsByTagName(e)[0];\n    s.parentNode.insertBefore(t,s)}(window, document,'script',\n    'https:\/\/connect.facebook.net\/en_US\/fbevents.js');\n  fbq('init', '153495679422335');\n  fbq('track', 'PageView');\n<\/script><br \/>\n<br \/><br \/>\n<br \/><a href=\"https:\/\/www.noticiasagricolas.com.br\/noticias\/agronegocio\/403246-governador-de-mt-firma-acordo-com-a-aprosoja-mt-de-congelamento-do-valor-do-fethab.html\">Source link <\/a><\/p>\n","protected":false},"excerpt":{"rendered":"<p>Diante do cen\u00e1rio de eleva\u00e7\u00e3o dos custos de produ\u00e7\u00e3o, das dificuldades mercadol\u00f3gicas e das taxas de juros em patamares proibitivos,<\/p>\n","protected":false},"author":1,"featured_media":16841,"comment_status":"open","ping_status":"open","sticky":false,"template":"","format":"standard","meta":{"_monsterinsights_skip_tracking":false,"_monsterinsights_sitenote_active":false,"_monsterinsights_sitenote_note":"","_monsterinsights_sitenote_category":0,"_uf_show_specific_survey":0,"_uf_disable_surveys":false,"footnotes":""},"categories":[8,1,14,16],"tags":[],"class_list":["post-16840","post","type-post","status-publish","format-standard","has-post-thumbnail","hentry","category-agro","category-news","category-politica-agro","category-safra"],"_links":{"self":[{"href":"https:\/\/agromt.news\/index.php?rest_route=\/wp\/v2\/posts\/16840"}],"collection":[{"href":"https:\/\/agromt.news\/index.php?rest_route=\/wp\/v2\/posts"}],"about":[{"href":"https:\/\/agromt.news\/index.php?rest_route=\/wp\/v2\/types\/post"}],"author":[{"embeddable":true,"href":"https:\/\/agromt.news\/index.php?rest_route=\/wp\/v2\/users\/1"}],"replies":[{"embeddable":true,"href":"https:\/\/agromt.news\/index.php?rest_route=%2Fwp%2Fv2%2Fcomments&post=16840"}],"version-history":[{"count":0,"href":"https:\/\/agromt.news\/index.php?rest_route=\/wp\/v2\/posts\/16840\/revisions"}],"wp:featuredmedia":[{"embeddable":true,"href":"https:\/\/agromt.news\/index.php?rest_route=\/wp\/v2\/media\/16841"}],"wp:attachment":[{"href":"https:\/\/agromt.news\/index.php?rest_route=%2Fwp%2Fv2%2Fmedia&parent=16840"}],"wp:term":[{"taxonomy":"category","embeddable":true,"href":"https:\/\/agromt.news\/index.php?rest_route=%2Fwp%2Fv2%2Fcategories&post=16840"},{"taxonomy":"post_tag","embeddable":true,"href":"https:\/\/agromt.news\/index.php?rest_route=%2Fwp%2Fv2%2Ftags&post=16840"}],"curies":[{"name":"wp","href":"https:\/\/api.w.org\/{rel}","templated":true}]}}