{"id":16835,"date":"2025-07-16T09:17:57","date_gmt":"2025-07-16T13:17:57","guid":{"rendered":"https:\/\/agromt.news\/?p=16835"},"modified":"2025-07-16T09:17:57","modified_gmt":"2025-07-16T13:17:57","slug":"agricultura-familiar-investe-em-mirtilo-e-gestao-no-cerrado","status":"publish","type":"post","link":"https:\/\/agromt.news\/?p=16835","title":{"rendered":"Agricultura familiar investe em mirtilo e gest\u00e3o no Cerrado"},"content":{"rendered":"<p> <br \/>\n<br \/><img decoding=\"async\" src=\"https:\/\/agromt.news\/wp-content\/uploads\/2025\/07\/Agricultura-familiar-investe-em-mirtilo-e-gestao-no-Cerrado.jpeg\" \/><\/p>\n<div>\n<p>A produ\u00e7\u00e3o de <a href=\"https:\/\/www.canalrural.com.br\/agricultura\/mirtilo-vem-ganhando-mais-destaque-todo-brasil-2440\/\">mirtilo<\/a> no Cerrado brasileiro tem ganhado espa\u00e7o gra\u00e7as \u00e0 ousadia de fam\u00edlias agricultoras que investem em inova\u00e7\u00e3o, diversifica\u00e7\u00e3o e qualifica\u00e7\u00e3o. \u00c9 o caso da produtora rural e empres\u00e1ria Leandra Alvarenga, que enxergou no fruto uma oportunidade de unir agricultura familiar e turismo rural.<\/p>\n<blockquote class=\"wp-block-quote is-layout-flow wp-block-quote-is-layout-flow\">\n<p>\u201cO mirtilo, ele exige muito investimento em virtude de ser uma cultura de valor agregado, mas tamb\u00e9m um potencial de venda e a planta\u00e7\u00e3o tem um custo elevado, por ser um fruto, um cultivar diferente da regi\u00e3o\u201d, afirma Leandra.<\/p>\n<\/blockquote>\n<p>Portanto, diante dos desafios de adapta\u00e7\u00e3o e dos altos custos de implanta\u00e7\u00e3o, a produtora encontrou no apoio familiar e na capacita\u00e7\u00e3o empreendedora a chave para tirar o projeto do papel. \u201cEnt\u00e3o, ficou meu esposo com o pomar, que ele cuida do pomar, ele sabe como \u00e9 que o pomar se desenvolve. A minha irm\u00e3 ficou com o desenvolvimento do fruto, que \u00e9 desenvolvimento de produtos, beneficiamento do fruto. E eu fiquei na parte de gest\u00e3o, comunica\u00e7\u00e3o mais administrativa\u201d, conta a empres\u00e1ria. <\/p>\n<\/div>\n<div>\n<h2 class=\"wp-block-heading\" id=\"h-qualificacao-foi-um-divisor-de-aguas\">Qualifica\u00e7\u00e3o foi um divisor de \u00e1guas<\/h2>\n<p>Mesmo sem hist\u00f3rico pr\u00e9vio no setor agropecu\u00e1rio, a fam\u00edlia buscou capacita\u00e7\u00e3o t\u00e9cnica e empreendedora para enfrentar o desafio. Leandra destaca o papel fundamental do Sebrae nesse processo. \u201cLogo eu procurei o Sebrae e fiz um curso excelente, excepcional, que foi o <a href=\"https:\/\/sebrae.com.br\/sites\/PortalSebrae\/empretec\">Empretec<\/a>. Esse curso abriu a minha mente, abriu a minha vis\u00e3o de neg\u00f3cio, que eu n\u00e3o tinha, eu era totalmente legue em rela\u00e7\u00e3o ao empreendedorismo.\u201d<\/p>\n<p>Al\u00e9m disso, a metodologia do curso ajudou a estruturar a gest\u00e3o da propriedade com base em pr\u00e1ticas modernas de mercado. \u201cVoc\u00ea j\u00e1 come\u00e7a a identificar, sabe que voc\u00ea tem que identificar o seu cliente final, e ter um meio de comunica\u00e7\u00e3o, uma forma de venda, como que a venda se processa.\u201d<\/p>\n<p>Segundo Leandra, a capacita\u00e7\u00e3o trouxe clareza para decis\u00f5es estrat\u00e9gicas e seguran\u00e7a para seguir investindo. \u201cEnt\u00e3o, atrav\u00e9s desse curso, eu pude identificar o que n\u00e3o pode errar para iniciar um empreendimento. E foi, assim, um divisor de \u00e1guas\u201d, conclui a empres\u00e1ria e produtora rural.<\/p>\n<h2 class=\"wp-block-heading\" id=\"h-agricultura-familiar-em-movimento\">Agricultura familiar em movimento<\/h2>\n<p>Dessa forma, a hist\u00f3ria da Leandra mostra como a agricultura familiar pode ir al\u00e9m da produ\u00e7\u00e3o b\u00e1sica, agregando valor, inova\u00e7\u00e3o e conhecimento ao campo. O cultivo do mirtilo no Cerrado, associado ao turismo rural e \u00e0 transforma\u00e7\u00e3o do fruto, \u00e9 um exemplo inspirador de como pequenos empreendedores podem transformar realidades por meio da organiza\u00e7\u00e3o, capacita\u00e7\u00e3o e vis\u00e3o de futuro<\/p>\n<\/p><\/div>\n<p><br \/>\n<br \/><a href=\"https:\/\/www.canalrural.com.br\/empreendedorismo\/agricultura-familiar-investe-em-mirtilo-e-gestao-no-cerrado\/\">Source link <\/a><\/p>\n","protected":false},"excerpt":{"rendered":"<p>A produ\u00e7\u00e3o de mirtilo no Cerrado brasileiro tem ganhado espa\u00e7o gra\u00e7as \u00e0 ousadia de fam\u00edlias agricultoras que investem em inova\u00e7\u00e3o,<\/p>\n","protected":false},"author":1,"featured_media":16836,"comment_status":"open","ping_status":"open","sticky":false,"template":"","format":"standard","meta":{"_monsterinsights_skip_tracking":false,"_monsterinsights_sitenote_active":false,"_monsterinsights_sitenote_note":"","_monsterinsights_sitenote_category":0,"_uf_show_specific_survey":0,"_uf_disable_surveys":false,"footnotes":""},"categories":[1],"tags":[],"class_list":["post-16835","post","type-post","status-publish","format-standard","has-post-thumbnail","hentry","category-news"],"_links":{"self":[{"href":"https:\/\/agromt.news\/index.php?rest_route=\/wp\/v2\/posts\/16835"}],"collection":[{"href":"https:\/\/agromt.news\/index.php?rest_route=\/wp\/v2\/posts"}],"about":[{"href":"https:\/\/agromt.news\/index.php?rest_route=\/wp\/v2\/types\/post"}],"author":[{"embeddable":true,"href":"https:\/\/agromt.news\/index.php?rest_route=\/wp\/v2\/users\/1"}],"replies":[{"embeddable":true,"href":"https:\/\/agromt.news\/index.php?rest_route=%2Fwp%2Fv2%2Fcomments&post=16835"}],"version-history":[{"count":0,"href":"https:\/\/agromt.news\/index.php?rest_route=\/wp\/v2\/posts\/16835\/revisions"}],"wp:featuredmedia":[{"embeddable":true,"href":"https:\/\/agromt.news\/index.php?rest_route=\/wp\/v2\/media\/16836"}],"wp:attachment":[{"href":"https:\/\/agromt.news\/index.php?rest_route=%2Fwp%2Fv2%2Fmedia&parent=16835"}],"wp:term":[{"taxonomy":"category","embeddable":true,"href":"https:\/\/agromt.news\/index.php?rest_route=%2Fwp%2Fv2%2Fcategories&post=16835"},{"taxonomy":"post_tag","embeddable":true,"href":"https:\/\/agromt.news\/index.php?rest_route=%2Fwp%2Fv2%2Ftags&post=16835"}],"curies":[{"name":"wp","href":"https:\/\/api.w.org\/{rel}","templated":true}]}}