{"id":16829,"date":"2025-07-16T06:57:50","date_gmt":"2025-07-16T10:57:50","guid":{"rendered":"https:\/\/agromt.news\/?p=16829"},"modified":"2025-07-16T06:57:50","modified_gmt":"2025-07-16T10:57:50","slug":"audiencia-no-stf-termina-sem-acordo-sobre-iof","status":"publish","type":"post","link":"https:\/\/agromt.news\/?p=16829","title":{"rendered":"Audi\u00eancia no STF termina sem acordo sobre IOF"},"content":{"rendered":"<p> <br \/>\n<br \/><img decoding=\"async\" src=\"https:\/\/agromt.news\/wp-content\/uploads\/2025\/07\/Audiencia-no-STF-termina-sem-acordo-sobre-IOF.jpg\" \/><\/p>\n<div>\n<p>N\u00e3o houve acordo na audi\u00eancia sobre os decretos das Opera\u00e7\u00f5es Financeiras (IOF) realizada na ter\u00e7a-feira (15) no Supremo Tribunal Federal (STF). A reuni\u00e3o foi promovida para acabar com o impasse entre o governo federal e o Legislativo na ado\u00e7\u00e3o das medidas que aumentavam as al\u00edquotas do imposto.<\/p>\n<p>A audi\u00eancia contou com a participa\u00e7\u00e3o do ministro-chefe da Advocacia-Geral da Uni\u00e3o (AGU), Jorge Messias, representantes do Minist\u00e9rio P\u00fablico Federal, do Minist\u00e9rio da Fazenda, da C\u00e2mara dos Deputados, do Senado Federal, do Partido Liberal (PL) e do Partido Socialismo e Liberdade (Psol).<\/p>\n<\/div>\n<div>\n<p>Na audi\u00eancia, o relator do caso, o ministro do STF, Alexandre de Moraes, perguntou aos participantes se \u201cseriam poss\u00edveis concess\u00f5es rec\u00edprocas que pudessem resultar na concilia\u00e7\u00e3o\u201d.<\/p>\n<p>A resposta dos presentes foi a de que n\u00e3o haveria acordo: \u201cApesar da import\u00e2ncia do di\u00e1logo e da iniciativa dessa audi\u00eancia, preferiram aguardar a decis\u00e3o judicial\u201d. A audi\u00eancia foi solicitada no in\u00edcio do m\u00eas por Alexandre Moraes para uma negocia\u00e7\u00e3o ap\u00f3s o Legislativo rejeitar a proposta do Executivo sobre a rearranjo tribut\u00e1rio.<\/p>\n<\/p><\/div>\n<p><br \/>\n<br \/><a href=\"https:\/\/www.canalrural.com.br\/economia\/audiencia-no-stf-termina-sem-acordo-sobre-iof\/\">Source link <\/a><\/p>\n","protected":false},"excerpt":{"rendered":"<p>N\u00e3o houve acordo na audi\u00eancia sobre os decretos das Opera\u00e7\u00f5es Financeiras (IOF) realizada na ter\u00e7a-feira (15) no Supremo Tribunal Federal<\/p>\n","protected":false},"author":1,"featured_media":16830,"comment_status":"open","ping_status":"open","sticky":false,"template":"","format":"standard","meta":{"_monsterinsights_skip_tracking":false,"_monsterinsights_sitenote_active":false,"_monsterinsights_sitenote_note":"","_monsterinsights_sitenote_category":0,"_uf_show_specific_survey":0,"_uf_disable_surveys":false,"footnotes":""},"categories":[1],"tags":[],"class_list":["post-16829","post","type-post","status-publish","format-standard","has-post-thumbnail","hentry","category-news"],"_links":{"self":[{"href":"https:\/\/agromt.news\/index.php?rest_route=\/wp\/v2\/posts\/16829"}],"collection":[{"href":"https:\/\/agromt.news\/index.php?rest_route=\/wp\/v2\/posts"}],"about":[{"href":"https:\/\/agromt.news\/index.php?rest_route=\/wp\/v2\/types\/post"}],"author":[{"embeddable":true,"href":"https:\/\/agromt.news\/index.php?rest_route=\/wp\/v2\/users\/1"}],"replies":[{"embeddable":true,"href":"https:\/\/agromt.news\/index.php?rest_route=%2Fwp%2Fv2%2Fcomments&post=16829"}],"version-history":[{"count":0,"href":"https:\/\/agromt.news\/index.php?rest_route=\/wp\/v2\/posts\/16829\/revisions"}],"wp:featuredmedia":[{"embeddable":true,"href":"https:\/\/agromt.news\/index.php?rest_route=\/wp\/v2\/media\/16830"}],"wp:attachment":[{"href":"https:\/\/agromt.news\/index.php?rest_route=%2Fwp%2Fv2%2Fmedia&parent=16829"}],"wp:term":[{"taxonomy":"category","embeddable":true,"href":"https:\/\/agromt.news\/index.php?rest_route=%2Fwp%2Fv2%2Fcategories&post=16829"},{"taxonomy":"post_tag","embeddable":true,"href":"https:\/\/agromt.news\/index.php?rest_route=%2Fwp%2Fv2%2Ftags&post=16829"}],"curies":[{"name":"wp","href":"https:\/\/api.w.org\/{rel}","templated":true}]}}