{"id":16828,"date":"2025-07-16T06:27:01","date_gmt":"2025-07-16T10:27:01","guid":{"rendered":"https:\/\/agromt.news\/?p=16828"},"modified":"2025-07-16T06:27:01","modified_gmt":"2025-07-16T10:27:01","slug":"o-cafe-deve-ficar-mais-barato","status":"publish","type":"post","link":"https:\/\/agromt.news\/?p=16828","title":{"rendered":"O caf\u00e9 deve ficar mais barato"},"content":{"rendered":"<p> <br \/>\n<\/p>\n<div>\n<div class=\"row\">\n<div class=\"col-lg col-infos mt-0 mt-lg-0\">\n<div class=\"section-sub-title\">\n<p itemprop=\"description\">&#13;<br \/>\n                                 A volatilidade cambial segue como alerta&#13;\n                            <\/p>\n<\/p><\/div>\n<div class=\"container\">\n<div class=\"row\">\n<div class=\"col-lg p-0\">\n<div>\n<div class=\"block-news-main-infos mt-3 text-start\">\n<p>                                            <strong class=\"fn\" itemprop=\"author\" style=\"color: rgb(112, 112, 112); \">&#13;<br \/>\n                                                <a href=\"https:\/\/www.agrolink.com.br\/noticias\/javascript:;\" class=\"text-uppercase\" target=\"_blank\" style=\"color: rgb(112, 112, 112); \" rel=\"noopener\">Agrolink<\/a>&#13;<br \/>\n&#13;<br \/>\n                                                    &#8211; Leonardo Gottems&#13;<br \/>\n&#13;<br \/>\n                                            <\/strong><br \/>\n                                        <\/p>\n<p>                                            <abbr><time datetime=\"2025-07-16T06:56\" itemprop=\"datePublished dateModified\">Publicado em 16\/07\/2025 \u00e0s 06:56h.<\/time><\/abbr><br \/>\n                                            <\/p><\/div>\n<\/p><\/div>\n<\/p><\/div>\n<div class=\"col-lg p-0 text-lg-end\">\n<div>\n<div id=\"mdEnviarPagina\" class=\"modal fade\" role=\"dialog\">\n<div class=\"modal-dialog\">\n<div class=\"modal-content\">\n<div class=\"modal-body\">\n<p><strong>Estimado usu\u00e1rio.<\/strong><br \/>Preencha o formul\u00e1rio abaixo para remeter a p\u00e1gina.<\/p>\n<\/p><\/div>\n<\/p><\/div>\n<\/p><\/div>\n<\/div><\/div>\n<\/p><\/div>\n<\/p><\/div>\n<\/p><\/div>\n<\/p><\/div>\n<\/p><\/div>\n<div class=\"row justify-content-md-center mt-3\">\n<div class=\"col-lg-auto col-image block-news-main-image\">\n<p>                                <img decoding=\"async\" src=\"https:\/\/www.agrolink.com.br\/upload\/imagens-resizes\/415ddec5aa194fc6bf3b1e593474d437_858x483.jpg\" class=\"lazyload img-fluid\" alt=\" A volatilidade cambial segue como alerta\"\/><br \/>\n                                                <span class=\"d-block mt-1\"> A volatilidade cambial segue como alerta &#8211; Foto: Divulga\u00e7\u00e3o<\/span><\/p><\/div>\n<\/p><\/div>\n<div class=\"section-description section-description-noticias mt-3\">\n<p>O pre\u00e7o do caf\u00e9 pode come\u00e7ar a recuar ao consumidor nos pr\u00f3ximos meses, impulsionado pelo avan\u00e7o da colheita no Brasil e pela maior oferta de gr\u00e3os da variedade robusta. A avalia\u00e7\u00e3o \u00e9 do Ita\u00fa BBA, em sua mais recente edi\u00e7\u00e3o do relat\u00f3rio Vis\u00e3o Agro, que destaca um cen\u00e1rio mais favor\u00e1vel para a ind\u00fastria ap\u00f3s um per\u00edodo de alta nos custos da mat\u00e9ria-prima.&#13;\n<\/p>\n<p>Segundo estimativa do Departamento de Agricultura dos Estados Unidos (USDA), a produ\u00e7\u00e3o brasileira na safra 2025\/26 deve atingir 40,9 milh\u00f5es de sacas de caf\u00e9 ar\u00e1bica e 24 milh\u00f5es de sacas de robusta. Em rela\u00e7\u00e3o ao ciclo anterior, espera-se queda de 6,4% no ar\u00e1bica e alta de 14,8% no robusta. Com isso, a ind\u00fastria pode voltar a aumentar a presen\u00e7a do robusta nos blends, movimento limitado nos \u00faltimos dois anos pelas quebras de safra no Brasil e no Vietn\u00e3.<\/p>\n<p>Com a previs\u00e3o de maior disponibilidade global, a disputa pela mat\u00e9ria-prima entre exportadores, torrefa\u00e7\u00f5es e ind\u00fastrias tende a se reduzir. No entanto, o Ita\u00fa BBA chama aten\u00e7\u00e3o para a nova legisla\u00e7\u00e3o europeia antidesmatamento (EUDR), que pode antecipar compras e afetar a din\u00e2mica de oferta.&#13;\n<\/p>\n<p>Nesse contexto, as informa\u00e7\u00f5es d\u00e3o conta de que a demanda interna deve se recuperar gradualmente, j\u00e1 que muitos consumidores migraram para caf\u00e9s mais baratos ap\u00f3s sucessivos aumentos. A volatilidade cambial segue como alerta, podendo neutralizar os efeitos da queda nos pre\u00e7os internacionais. Por fim, o relat\u00f3rio destaca que, embora os EUA tenham imposto tarifas ao Brasil, substitu\u00ed-lo como fornecedor \u00e9 dif\u00edcil, dada sua lideran\u00e7a global na produ\u00e7\u00e3o de ar\u00e1bica.<br \/>&#13;<br \/>\n\u00a0<\/p>\n<\/p><\/div>\n<\/p><\/div>\n<p><script data-cfasync=\"false\">\n    !function (f, b, e, v, n, t, s) {\n        if (f.fbq) return; n = f.fbq = function () {\n            n.callMethod ?\n                n.callMethod.apply(n, arguments) : n.queue.push(arguments)\n        };\n        if (!f._fbq) f._fbq = n; n.push = n; n.loaded = !0; n.version = '2.0';\n        n.queue = []; t = b.createElement(e); t.async = !0;\n        t.src = v; s = b.getElementsByTagName(e)[0];\n        s.parentNode.insertBefore(t, s)\n    }(window, document, 'script',\n        'https:\/\/connect.facebook.net\/en_US\/fbevents.js');\n    fbq('init', '522546078623747');\n    fbq('track', 'PageView');\n<\/script><br \/>\n<br \/><br \/>\n<br \/><a href=\"https:\/\/www.agrolink.com.br\/noticias\/o-cafe-deve-ficar-mais-barato_503975.html\">Source link <\/a><\/p>\n","protected":false},"excerpt":{"rendered":"<p>&#13; A volatilidade cambial segue como alerta&#13; &#13; Agrolink&#13; &#13; &#8211; Leonardo Gottems&#13; &#13; Publicado em 16\/07\/2025 \u00e0s 06:56h. Estimado<\/p>\n","protected":false},"author":1,"featured_media":9585,"comment_status":"open","ping_status":"open","sticky":false,"template":"","format":"standard","meta":{"_monsterinsights_skip_tracking":false,"_monsterinsights_sitenote_active":false,"_monsterinsights_sitenote_note":"","_monsterinsights_sitenote_category":0,"_uf_show_specific_survey":0,"_uf_disable_surveys":false,"footnotes":""},"categories":[8,1,14],"tags":[],"class_list":["post-16828","post","type-post","status-publish","format-standard","has-post-thumbnail","hentry","category-agro","category-news","category-politica-agro"],"_links":{"self":[{"href":"https:\/\/agromt.news\/index.php?rest_route=\/wp\/v2\/posts\/16828"}],"collection":[{"href":"https:\/\/agromt.news\/index.php?rest_route=\/wp\/v2\/posts"}],"about":[{"href":"https:\/\/agromt.news\/index.php?rest_route=\/wp\/v2\/types\/post"}],"author":[{"embeddable":true,"href":"https:\/\/agromt.news\/index.php?rest_route=\/wp\/v2\/users\/1"}],"replies":[{"embeddable":true,"href":"https:\/\/agromt.news\/index.php?rest_route=%2Fwp%2Fv2%2Fcomments&post=16828"}],"version-history":[{"count":0,"href":"https:\/\/agromt.news\/index.php?rest_route=\/wp\/v2\/posts\/16828\/revisions"}],"wp:featuredmedia":[{"embeddable":true,"href":"https:\/\/agromt.news\/index.php?rest_route=\/wp\/v2\/media\/9585"}],"wp:attachment":[{"href":"https:\/\/agromt.news\/index.php?rest_route=%2Fwp%2Fv2%2Fmedia&parent=16828"}],"wp:term":[{"taxonomy":"category","embeddable":true,"href":"https:\/\/agromt.news\/index.php?rest_route=%2Fwp%2Fv2%2Fcategories&post=16828"},{"taxonomy":"post_tag","embeddable":true,"href":"https:\/\/agromt.news\/index.php?rest_route=%2Fwp%2Fv2%2Ftags&post=16828"}],"curies":[{"name":"wp","href":"https:\/\/api.w.org\/{rel}","templated":true}]}}