{"id":16826,"date":"2025-07-16T05:02:04","date_gmt":"2025-07-16T09:02:04","guid":{"rendered":"https:\/\/agromt.news\/?p=16826"},"modified":"2025-07-16T05:02:04","modified_gmt":"2025-07-16T09:02:04","slug":"nova-frente-fria-provoca-chuva-forte-e-raios-veja-a-previsao-de-hoje","status":"publish","type":"post","link":"https:\/\/agromt.news\/?p=16826","title":{"rendered":"Nova frente fria provoca chuva forte e raios; veja a previs\u00e3o de hoje"},"content":{"rendered":"<p> <br \/>\n<br \/><img decoding=\"async\" src=\"https:\/\/agromt.news\/wp-content\/uploads\/2025\/04\/confira-a-previsao-do-tempo-para-a-semana.jpg\" \/><\/p>\n<div>\n<p>Partes do Norte e Nordeste t\u00eam condi\u00e7\u00f5es para pancadas de chuva. No Rio Grande do Sul, uma nova frente fria traz precipita\u00e7\u00f5es fortes seguida de raios e ventos. No restante do pa\u00eds, o tempo seco impera. Confira a previs\u00e3o do tempo para esta quarta-feira (16):<\/p>\n<div data-icp-cta=\"1\" id=\"icp-cta-unique\">Voc\u00ea quer entender como usar o clima a seu favor?<b> <\/b><a href=\"https:\/\/climacampo.canalrural.com.br\/climacampo_-01\">Preparamos um e-book exclusivo<\/a> para ajudar produtores rurais a se antecipar \u00e0s mudan\u00e7as do tempo e planejar melhor suas a\u00e7\u00f5es. Com base em previs\u00f5es meteorol\u00f3gicas confi\u00e1veis, ele oferece orienta\u00e7\u00f5es pr\u00e1ticas para proteger sua lavoura e otimizar seus resultados.<\/div>\n<h2 class=\"wp-block-heading\" id=\"h-sul\">Sul<\/h2>\n<p>O avan\u00e7o de uma nova frente fria deve favorecer o retorno das instabilidades sobre o <strong><a href=\"https:\/\/www.canalrural.com.br\/nacional\/rio-grande-do-sul\/\">Rio Grande do Sul<\/a><\/strong>. Ainda cedo, haver\u00e1 condi\u00e7\u00f5es para pancadas de chuva com moderada a forte intensidade seguidas por raios e ventos. Santa Catarina e <strong><a href=\"https:\/\/www.canalrural.com.br\/nacional\/parana\/\">Paran\u00e1<\/a><\/strong> seguem com predom\u00ednio de tempo est\u00e1vel. Entre o norte e noroeste paranaenses, alerta para baixa umidade do ar \u00e0 tarde.<\/p>\n<h2 class=\"wp-block-heading\" id=\"h-sudeste\">Sudeste<\/h2>\n<p>Todos os estados do Sudeste ter\u00e3o tempo est\u00e1vel nesta quarta-feira. Em S\u00e3o Paulo, leste e litoral, as temperaturas permanecem mais amenas, com dia de c\u00e9u parcialmente encoberto. No interior paulista, esquenta mais e a umidade relativa do ar segue baixa. Em Minas Gerais, predom\u00ednio de sol e temperaturas amenas entre a capital e a faixa leste. Rio de Janeiro e Esp\u00edrito Santo ainda sob influ\u00eancia dos ventos mar\u00edtimos e, por conta disso, as temperaturas n\u00e3o disparam.<\/p>\n<h2 class=\"wp-block-heading\" id=\"h-centro-oeste\">Centro-Oeste<\/h2>\n<p>A exemplo do Sudeste, o tempo continua est\u00e1vel em todos os estados do Centro-Oeste. Destaque para o calor mais intenso entre o norte de Mato Grosso do Sul e o Mato Grosso. \u00c0 tarde, a umidade relativa do ar sofre queda acentuada e entra em limiares de aten\u00e7\u00e3o.<\/p>\n<\/div>\n<div>\n<h2 class=\"wp-block-heading\" id=\"h-nordeste\">Nordeste<\/h2>\n<p>Entrada de umidade mar\u00edtima estimula a forma\u00e7\u00e3o de nuvens carregadas ainda sobre boa parte da costa leste, mas as pancadas de chuva acontecem de formas irregulares durante o dia. No litoral do Maranh\u00e3o, as precipita\u00e7\u00f5es podem cair com moderada intensidade. Sert\u00e3o e agreste seguem com tempo firme, calor e baixa umidade do ar.<\/p>\n<h2 class=\"wp-block-heading\" id=\"h-norte\">Norte<\/h2>\n<p>Aproxima\u00e7\u00e3o da Zona de Converg\u00eancia Intertropical (ZCIT) espalha as instabilidades no Amap\u00e1. Roraima e a metade norte do Amazonas seguem com tempo inst\u00e1vel e condi\u00e7\u00f5es para pancadas de chuva com moderada a forte intensidade. Chove tamb\u00e9m no norte e litoral do Par\u00e1. Demais regi\u00f5es com tempo firme, com destaque para a continuidade do calor.<\/p>\n<\/p><\/div>\n<p><br \/>\n<br \/><a href=\"https:\/\/www.canalrural.com.br\/tempo\/nova-frente-fria-provoca-chuva-forte-e-raios-veja-a-previsao-de-hoje\/\">Source link <\/a><\/p>\n","protected":false},"excerpt":{"rendered":"<p>Partes do Norte e Nordeste t\u00eam condi\u00e7\u00f5es para pancadas de chuva. No Rio Grande do Sul, uma nova frente fria<\/p>\n","protected":false},"author":1,"featured_media":12029,"comment_status":"open","ping_status":"open","sticky":false,"template":"","format":"standard","meta":{"_monsterinsights_skip_tracking":false,"_monsterinsights_sitenote_active":false,"_monsterinsights_sitenote_note":"","_monsterinsights_sitenote_category":0,"_uf_show_specific_survey":0,"_uf_disable_surveys":false,"footnotes":""},"categories":[1],"tags":[],"class_list":["post-16826","post","type-post","status-publish","format-standard","has-post-thumbnail","hentry","category-news"],"_links":{"self":[{"href":"https:\/\/agromt.news\/index.php?rest_route=\/wp\/v2\/posts\/16826"}],"collection":[{"href":"https:\/\/agromt.news\/index.php?rest_route=\/wp\/v2\/posts"}],"about":[{"href":"https:\/\/agromt.news\/index.php?rest_route=\/wp\/v2\/types\/post"}],"author":[{"embeddable":true,"href":"https:\/\/agromt.news\/index.php?rest_route=\/wp\/v2\/users\/1"}],"replies":[{"embeddable":true,"href":"https:\/\/agromt.news\/index.php?rest_route=%2Fwp%2Fv2%2Fcomments&post=16826"}],"version-history":[{"count":0,"href":"https:\/\/agromt.news\/index.php?rest_route=\/wp\/v2\/posts\/16826\/revisions"}],"wp:featuredmedia":[{"embeddable":true,"href":"https:\/\/agromt.news\/index.php?rest_route=\/wp\/v2\/media\/12029"}],"wp:attachment":[{"href":"https:\/\/agromt.news\/index.php?rest_route=%2Fwp%2Fv2%2Fmedia&parent=16826"}],"wp:term":[{"taxonomy":"category","embeddable":true,"href":"https:\/\/agromt.news\/index.php?rest_route=%2Fwp%2Fv2%2Fcategories&post=16826"},{"taxonomy":"post_tag","embeddable":true,"href":"https:\/\/agromt.news\/index.php?rest_route=%2Fwp%2Fv2%2Ftags&post=16826"}],"curies":[{"name":"wp","href":"https:\/\/api.w.org\/{rel}","templated":true}]}}