{"id":16812,"date":"2025-07-15T19:07:41","date_gmt":"2025-07-15T23:07:41","guid":{"rendered":"https:\/\/agromt.news\/?p=16812"},"modified":"2025-07-15T19:07:41","modified_gmt":"2025-07-15T23:07:41","slug":"agro-expoe-prejuizos-com-taxa-dos-eua-mas-pede-que-ainda-nao-haja-retaliacao","status":"publish","type":"post","link":"https:\/\/agromt.news\/?p=16812","title":{"rendered":"agro exp\u00f5e preju\u00edzos com taxa dos EUA, mas pede que ainda n\u00e3o haja retalia\u00e7\u00e3o"},"content":{"rendered":"<p> <br \/>\n<br \/><img decoding=\"async\" src=\"https:\/\/agromt.news\/wp-content\/uploads\/2025\/07\/agro-expoe-prejuizos-com-taxa-dos-EUA-mas-pede-que.jpg\" \/><\/p>\n<div>\n<p>Em reuni\u00e3o com o vice-presidente Geraldo Alckmin nesta ter\u00e7a-feira (15), porta-vozes de entidades representativas do agroneg\u00f3cio refor\u00e7aram a necessidade de o <strong><a href=\"https:\/\/www.canalrural.com.br\/economia\/vamos-trabalhar-junto-ao-empresariado-por-maior-prazo-das-tarifas-dos-eua-diz-alckmin\/\">Brasil agir de forma diplom\u00e1tica<\/a><\/strong> para suspender ou adiar as tarifas de exporta\u00e7\u00e3o de 50% anunciadas pelo presidente dos EUA, Donald Trump, que passam a vigorar em 1 de agosto.<\/p>\n<p>O presidente da Associa\u00e7\u00e3o Brasileira das Ind\u00fastrias Exportadoras de Carnes (Abiec), Roberto Perosa, destacou em coletiva de imprensa ap\u00f3s o encontro que os frigor\u00edficos brasileiros est\u00e3o parando de produzir carne destinada aos norte-americanos, visto que os embarques do setor ao pa\u00eds j\u00e1 s\u00e3o taxados em 36% e uma sobretaxa de 50% tornaria as negocia\u00e7\u00f5es entre os dois pa\u00edses invi\u00e1vel. <\/p>\n<p>\u201cCerca de 30 mil toneladas de carne brasileira j\u00e1 est\u00e3o no porto ou j\u00e1 nas \u00e1guas em dire\u00e7\u00e3o aos Estados Unidos, o que representa um total de 150 milh\u00f5es de d\u00f3lares a caminho dos Estados Unidos. Estamos negociando com os importadores de l\u00e1. Nossa sugest\u00e3o inicial \u00e9 de poss\u00edvel prorroga\u00e7\u00e3o da taxa\u00e7\u00e3o porque existem contratos em andamento e n\u00e3o d\u00e1 tempo de desfaz\u00ea-los at\u00e9 o dia 1 de agosto [data em que a tarifa come\u00e7a a valer].\u201d <\/p>\n<p>Perosa ressaltou que a produ\u00e7\u00e3o de carne nos EUA se encontra, atualmente, em seu menor est\u00e1gio nos \u00faltimos 80 anos e a prote\u00edna brasileira complementa esse \u201cv\u00e1cuo\u201d, sendo que o produto nacional, notadamente recortes do dianteiro do boi, \u00e9 utilizado para a fabrica\u00e7\u00e3o de hamb\u00farguer, produto enraizado na cultura norte-americana.<\/p>\n<h2 class=\"wp-block-heading\" id=\"h-impactos-no-cafe-da-manha-dos-eua\">Impactos no caf\u00e9 da manh\u00e3 dos EUA<\/h2>\n<p>O presidente do Conselho dos Exportadores de Caf\u00e9 do Brasil (Cecaf\u00e9), Marcio Ferreira, tamb\u00e9m presente na coletiva, destacou que o Brasil exportou 8,2 milh\u00f5es de sacas do produto aos Estados Unidos em 2024. <\/p>\n<p>\u201cO Brasil fornece 33% de todo o caf\u00e9 consumido em solo norte-americano. O caf\u00e9 brasileiro, tanto ar\u00e1bica quanto robusta, \u00e9 o mais competitivo e possui as caracter\u00edsticas de sabor que o p\u00fablico dos Estados Unidos j\u00e1 est\u00e1 acostumado, que aprova.\u201d<\/p>\n<\/div>\n<div>\n<p>Ems eguida, o presidente da Associa\u00e7\u00e3o Nacional dos Exportadores de Sucos C\u00edtricos (CitrusBR), Ibiapaba Netto, forneceu n\u00fameros que mostram a import\u00e2ncia dos Estados Unidos ao setor: 40% das exporta\u00e7\u00f5es de suco de laranja brasileiro t\u00eam o mercado norte-americano como destino. Em termos de receita, esse volume representa cerca de US$ 1,3 bilh\u00f5es.<\/p>\n<p>\u201cSetenta por cento do suco consumido nos Estados Unidos vem do Brasil. [\u2026] Ainda temos tempo para negociar, mas o setor est\u00e1 muito preocupado. A safra est\u00e1 no come\u00e7o, iniciou em junho e vai at\u00e9 janeiro de 2026. Temos uma safra inteira para ser colhida sem saber se o nosso maior mercado estar\u00e1 dispon\u00edvel ou n\u00e3o porque a tarifa de 50% associada aos 415 d\u00f3lares por tonelada que o setor j\u00e1 paga, inclusive mais do que os seus principais concorrentes, certamente inviabiliza [neg\u00f3cios entre os dois pa\u00edses].\u201d<\/p>\n<p>Por fim, o presidente da Associa\u00e7\u00e3o Brasileira dos Produtores Exportadores de Frutas e (Abrafrutas), Guilherme Coelho, informou um problema mais pontual: a exporta\u00e7\u00e3o de manga aos EUA. <\/p>\n<p>\u201cO Vale do S\u00e3o Francisco, que produz 90% de toda a manga do Brasil, est\u00e1 em p\u00e2nico porque n\u00e3o sabemos o que fazer. Essa safra significa 2,5 mil cont\u00eaineres de manga para os Estados Unidos. Foi uma safra planejada h\u00e1 seis meses, como todo ano fazemos. [\u2026] isso engloba os pequenos, m\u00e9dios e grandes produtores de manga. [\u2026] n\u00e3o podemos pegar essa manga e desaguar na Europa porque o pre\u00e7o vai desabar, n\u00e3o tem log\u00edstica para isso. N\u00e3o podemos tamb\u00e9m colocar essa manga no Brasil porque vai colapsar o mercado.\u201d <\/p>\n<\/p><\/div>\n<p><br \/>\n<br \/><a href=\"https:\/\/www.canalrural.com.br\/agricultura\/agronegocio\/carne-cafe-e-manga-agro-expoe-prejuizos-com-taxa-dos-eua-mas-ainda-nao-pede-retaliacao\/\">Source link <\/a><\/p>\n","protected":false},"excerpt":{"rendered":"<p>Em reuni\u00e3o com o vice-presidente Geraldo Alckmin nesta ter\u00e7a-feira (15), porta-vozes de entidades representativas do agroneg\u00f3cio refor\u00e7aram a necessidade de<\/p>\n","protected":false},"author":1,"featured_media":16813,"comment_status":"open","ping_status":"open","sticky":false,"template":"","format":"standard","meta":{"_monsterinsights_skip_tracking":false,"_monsterinsights_sitenote_active":false,"_monsterinsights_sitenote_note":"","_monsterinsights_sitenote_category":0,"_uf_show_specific_survey":0,"_uf_disable_surveys":false,"footnotes":""},"categories":[1],"tags":[],"class_list":["post-16812","post","type-post","status-publish","format-standard","has-post-thumbnail","hentry","category-news"],"_links":{"self":[{"href":"https:\/\/agromt.news\/index.php?rest_route=\/wp\/v2\/posts\/16812"}],"collection":[{"href":"https:\/\/agromt.news\/index.php?rest_route=\/wp\/v2\/posts"}],"about":[{"href":"https:\/\/agromt.news\/index.php?rest_route=\/wp\/v2\/types\/post"}],"author":[{"embeddable":true,"href":"https:\/\/agromt.news\/index.php?rest_route=\/wp\/v2\/users\/1"}],"replies":[{"embeddable":true,"href":"https:\/\/agromt.news\/index.php?rest_route=%2Fwp%2Fv2%2Fcomments&post=16812"}],"version-history":[{"count":0,"href":"https:\/\/agromt.news\/index.php?rest_route=\/wp\/v2\/posts\/16812\/revisions"}],"wp:featuredmedia":[{"embeddable":true,"href":"https:\/\/agromt.news\/index.php?rest_route=\/wp\/v2\/media\/16813"}],"wp:attachment":[{"href":"https:\/\/agromt.news\/index.php?rest_route=%2Fwp%2Fv2%2Fmedia&parent=16812"}],"wp:term":[{"taxonomy":"category","embeddable":true,"href":"https:\/\/agromt.news\/index.php?rest_route=%2Fwp%2Fv2%2Fcategories&post=16812"},{"taxonomy":"post_tag","embeddable":true,"href":"https:\/\/agromt.news\/index.php?rest_route=%2Fwp%2Fv2%2Ftags&post=16812"}],"curies":[{"name":"wp","href":"https:\/\/api.w.org\/{rel}","templated":true}]}}