{"id":16806,"date":"2025-07-15T18:01:34","date_gmt":"2025-07-15T22:01:34","guid":{"rendered":"https:\/\/agromt.news\/?p=16806"},"modified":"2025-07-15T18:01:34","modified_gmt":"2025-07-15T22:01:34","slug":"tarifaco-de-trump-atingiu-o-complexo-soja","status":"publish","type":"post","link":"https:\/\/agromt.news\/?p=16806","title":{"rendered":"Tarifa\u00e7o de Trump atingiu o complexo soja?"},"content":{"rendered":"<p> <br \/>\n<\/p>\n<div>\n<p>As <a href=\"https:\/\/www.canalrural.com.br\/?s=exporta%C3%A7%C3%B5es+de+soja\">exporta\u00e7\u00f5es <\/a>brasileiras de soja em gr\u00e3o ficaram praticamente est\u00e1veis no primeiro semestre de 2025, de acordo com levantamento apresentado nesta ter\u00e7a-feira (15) no quadro <a href=\"https:\/\/www.canalrural.com.br\/?s=Agroexport\">Agroexport<\/a>, do programa Mercado &amp; Cia. <\/p>\n<ul class=\"wp-block-list\">\n<li><strong><em>Fique por dentro das novidades e not\u00edcias recentes sobre a soja! Participe da nossa comunidade atrav\u00e9s do\u00a0<a href=\"https:\/\/chat.whatsapp.com\/BmMRwA0TZ2DHGyhzoaVEWu\">link<\/a>! \ud83c\udf31<\/em><\/strong><a href=\"https:\/\/www.youtube.com\/@CanalruralBr\"\/><\/li>\n<\/ul>\n<p>O destaque do per\u00edodo foi o \u00f3leo de <a href=\"https:\/\/www.canalrural.com.br\/?s=soja\">soja<\/a>, que registrou uma forte retomada nos embarques. J\u00e1 o farelo tamb\u00e9m apresentou crescimento, mas pode ser afetado pela nova tarifa de 50% imposta pelos Estados Unidos sobre produtos brasileiros. Confira os n\u00fameros:<\/p>\n<figure class=\"wp-block-embed is-type-video is-provider-youtube wp-block-embed-youtube wp-embed-aspect-16-9 wp-has-aspect-ratio\">\n<p>\n<iframe title=\"Tarifa\u00e7o deve ter pouco impacto nas exporta\u00e7\u00f5es do complexo soja\" width=\"800\" height=\"450\" src=\"https:\/\/www.youtube.com\/embed\/YZZmm_iQjfQ?feature=oembed\" frameborder=\"0\" allow=\"accelerometer; autoplay; clipboard-write; encrypted-media; gyroscope; picture-in-picture; web-share\" referrerpolicy=\"strict-origin-when-cross-origin\" allowfullscreen><\/iframe><noscript><iframe title=\"Tarifa\u00e7o deve ter pouco impacto nas exporta\u00e7\u00f5es do complexo soja\" width=\"800\" height=\"450\" src=\"https:\/\/www.youtube.com\/embed\/YZZmm_iQjfQ?feature=oembed\" frameborder=\"0\" allow=\"accelerometer; autoplay; clipboard-write; encrypted-media; gyroscope; picture-in-picture; web-share\" referrerpolicy=\"strict-origin-when-cross-origin\" allowfullscreen><\/iframe><\/noscript>\n<\/p>\n<\/figure>\n<p>O complexo soja, que inclui gr\u00e3o, farelo e \u00f3leo, tem peso estrat\u00e9gico para a balan\u00e7a comercial do agro. No ano passado, o conjunto respondeu por cerca de um ter\u00e7o de toda a receita cambial do agroneg\u00f3cio brasileiro. Das exporta\u00e7\u00f5es totais, que somaram pouco mais de 160 bilh\u00f5es de d\u00f3lares, aproximadamente 155 bilh\u00f5es vieram desse complexo.<\/p>\n<h2 class=\"wp-block-heading\" id=\"h-soja-em-grao\">Soja em gr\u00e3o <\/h2>\n<figure class=\"wp-block-image size-full\"><img fetchpriority=\"high\" decoding=\"async\" width=\"802\" height=\"430\" alt=\"\" class=\"wp-image-4111054\"  data-lazy- src=\"https:\/\/agromt.news\/wp-content\/uploads\/2025\/07\/Tarifaco-de-Trump-atingiu-o-complexo-soja.png\"\/><img decoding=\"async\" width=\"802\" height=\"430\" src=\"https:\/\/agromt.news\/wp-content\/uploads\/2025\/07\/Tarifaco-de-Trump-atingiu-o-complexo-soja.png\" alt=\"\" class=\"wp-image-4111054\"  \/><figcaption class=\"wp-element-caption\">Foto: Agroexport <\/figcaption><\/figure>\n<p>Apesar da leve alta no total do complexo, o desempenho da soja em gr\u00e3o se manteve praticamente est\u00e1vel, com 64,9 milh\u00f5es de toneladas exportadas no semestre. A estagna\u00e7\u00e3o, no entanto, n\u00e3o se deve \u00e0 falta de produto: o Brasil colheu uma safra robusta, estimada em 155 milh\u00f5es de toneladas.<\/p>\n<\/div>\n<div>\n<figure class=\"wp-block-image size-full\"><img decoding=\"async\" width=\"792\" height=\"430\" alt=\"\" class=\"wp-image-4111063\"  data-lazy- src=\"https:\/\/agromt.news\/wp-content\/uploads\/2025\/07\/1752616894_938_Tarifaco-de-Trump-atingiu-o-complexo-soja.png\"\/><img loading=\"lazy\" decoding=\"async\" width=\"792\" height=\"430\" src=\"https:\/\/agromt.news\/wp-content\/uploads\/2025\/07\/1752616894_938_Tarifaco-de-Trump-atingiu-o-complexo-soja.png\" alt=\"\" class=\"wp-image-4111063\"  \/><figcaption class=\"wp-element-caption\">Foto: Agroexport <\/figcaption><\/figure>\n<p>No caso do farelo, os embarques somaram 11,5 milh\u00f5es de toneladas no primeiro semestre de 2025, levemente acima das 11,4 milh\u00f5es do ano anterior. Apesar do avan\u00e7o modesto, o setor mant\u00e9m tend\u00eancia de alta. A nova tarifa de 50% imposta pelos Estados Unidos, no entanto, pode frear esse crescimento. As exporta\u00e7\u00f5es para o pa\u00eds saltaram de 100 para mil toneladas em um ano. <\/p>\n<h2 class=\"wp-block-heading\" id=\"h-oleo-de-soja\">\u00d3leo de soja<\/h2>\n<figure class=\"wp-block-image size-full\"><img loading=\"lazy\" decoding=\"async\" width=\"781\" height=\"427\" alt=\"\" class=\"wp-image-4111064\"  data-lazy- src=\"https:\/\/agromt.news\/wp-content\/uploads\/2025\/07\/1752616894_919_Tarifaco-de-Trump-atingiu-o-complexo-soja.png\"\/><img loading=\"lazy\" decoding=\"async\" width=\"781\" height=\"427\" src=\"https:\/\/agromt.news\/wp-content\/uploads\/2025\/07\/1752616894_919_Tarifaco-de-Trump-atingiu-o-complexo-soja.png\" alt=\"\" class=\"wp-image-4111064\"  \/><figcaption class=\"wp-element-caption\">Foto: Agroexport<\/figcaption><\/figure>\n<p>O \u00f3leo de soja foi o destaque do semestre, com alta de quase 30% nas exporta\u00e7\u00f5es, que passaram de 640 mil para 810 mil toneladas. O desempenho marca uma recupera\u00e7\u00e3o ap\u00f3s o recuo de 2024, embora ainda abaixo do pico de 1,46 milh\u00e3o de toneladas em 2023. A retomada indica um reaquecimento do mercado, em linha com a estrat\u00e9gia de agregar valor \u00e0 pauta exportadora.<\/p>\n<h2 class=\"wp-block-heading\" id=\"h-complexo-soja\">Complexo soja <\/h2>\n<p>No total do complexo soja, o Brasil exportou 77,26 milh\u00f5es de toneladas no primeiro semestre de 2025, avan\u00e7o de 1,5% em rela\u00e7\u00e3o \u00e0s 76,17 milh\u00f5es de toneladas no mesmo per\u00edodo do ano passado. O \u00f3leo puxou esse crescimento, com alta pr\u00f3xima de 30%, enquanto gr\u00e3o e farelo subiram cerca de 1%. Apesar do bom desempenho do \u00f3leo, o volume ainda \u00e9 pequeno dentro do total, e por isso o impacto no agregado \u00e9 limitado.<\/p>\n<p>Os Estados Unidos, segundo maior produtor mundial de soja, importam farelo brasileiro principalmente quando a ind\u00fastria local de esmagamento tem margem negativa. Nesses casos, exportam o gr\u00e3o e importam farelo para atender o mercado interno ou contratos com Europa e \u00c1sia.<\/p>\n<\/p><\/div>\n<p><br \/>\n<br \/><a href=\"https:\/\/www.canalrural.com.br\/agricultura\/projeto-soja-brasil\/tarifaco-de-trump-atingiu-o-complexo-soja\/\">Source link <\/a><\/p>\n","protected":false},"excerpt":{"rendered":"<p>As exporta\u00e7\u00f5es brasileiras de soja em gr\u00e3o ficaram praticamente est\u00e1veis no primeiro semestre de 2025, de acordo com levantamento apresentado<\/p>\n","protected":false},"author":1,"featured_media":14816,"comment_status":"open","ping_status":"open","sticky":false,"template":"","format":"standard","meta":{"_monsterinsights_skip_tracking":false,"_monsterinsights_sitenote_active":false,"_monsterinsights_sitenote_note":"","_monsterinsights_sitenote_category":0,"_uf_show_specific_survey":0,"_uf_disable_surveys":false,"footnotes":""},"categories":[1],"tags":[],"class_list":["post-16806","post","type-post","status-publish","format-standard","has-post-thumbnail","hentry","category-news"],"_links":{"self":[{"href":"https:\/\/agromt.news\/index.php?rest_route=\/wp\/v2\/posts\/16806"}],"collection":[{"href":"https:\/\/agromt.news\/index.php?rest_route=\/wp\/v2\/posts"}],"about":[{"href":"https:\/\/agromt.news\/index.php?rest_route=\/wp\/v2\/types\/post"}],"author":[{"embeddable":true,"href":"https:\/\/agromt.news\/index.php?rest_route=\/wp\/v2\/users\/1"}],"replies":[{"embeddable":true,"href":"https:\/\/agromt.news\/index.php?rest_route=%2Fwp%2Fv2%2Fcomments&post=16806"}],"version-history":[{"count":0,"href":"https:\/\/agromt.news\/index.php?rest_route=\/wp\/v2\/posts\/16806\/revisions"}],"wp:featuredmedia":[{"embeddable":true,"href":"https:\/\/agromt.news\/index.php?rest_route=\/wp\/v2\/media\/14816"}],"wp:attachment":[{"href":"https:\/\/agromt.news\/index.php?rest_route=%2Fwp%2Fv2%2Fmedia&parent=16806"}],"wp:term":[{"taxonomy":"category","embeddable":true,"href":"https:\/\/agromt.news\/index.php?rest_route=%2Fwp%2Fv2%2Fcategories&post=16806"},{"taxonomy":"post_tag","embeddable":true,"href":"https:\/\/agromt.news\/index.php?rest_route=%2Fwp%2Fv2%2Ftags&post=16806"}],"curies":[{"name":"wp","href":"https:\/\/api.w.org\/{rel}","templated":true}]}}