{"id":16803,"date":"2025-07-15T17:30:06","date_gmt":"2025-07-15T21:30:06","guid":{"rendered":"https:\/\/agromt.news\/?p=16803"},"modified":"2025-07-15T17:30:06","modified_gmt":"2025-07-15T21:30:06","slug":"empresa-americana-anuncia-aquisicao-de-planta-industrial-no-oeste-da-bahia","status":"publish","type":"post","link":"https:\/\/agromt.news\/?p=16803","title":{"rendered":"Empresa americana anuncia aquisi\u00e7\u00e3o de planta industrial no Oeste da Bahia"},"content":{"rendered":"<p> <br \/>\n<br \/><img decoding=\"async\" src=\"https:\/\/agromt.news\/wp-content\/uploads\/2025\/07\/Empresa-americana-anuncia-aquisicao-de-planta-industrial-no-Oeste-da.jpeg\" \/><\/p>\n<div>\n<p>A <strong>Cargill<\/strong> informou aquisi\u00e7\u00e3o de uma <strong>planta industrial de esmagamento, refinaria e envase de \u00f3leo<\/strong> em <strong>Barreiras, no Oeste da Bahia<\/strong>. De acordo com a empresa americana, a unidade no munic\u00edpio emprega atualmente 250 pessoas.<\/p>\n<p>A ind\u00fastria produz farelo de soja (granel e ensacado), casca de soja peletizada, \u00f3leo degomado e \u00f3leo refinado (granel e envasado, sob a marca Liza).<\/p>\n<p>A companhia j\u00e1 operava no local desde 1998 por meio de um contrato de arrendamento e, agora, assume o controle total do ativo.<\/p>\n<p>Paulo Sousa, presidente da Cargill no Brasil e do Neg\u00f3cio Agr\u00edcola na Am\u00e9rica Latina celebrou a compra e disse que o movimento refor\u00e7a o compromisso com o estado e com o desenvolvimento econ\u00f4mico e social.<\/p>\n<p>\u201cA iniciativa est\u00e1 alinhada \u00e0 nossa estrat\u00e9gia de crescimento e fortalece nossa opera\u00e7\u00e3o na regi\u00e3o, permitindo que possamos seguir investindo para atender tanto aos nossos clientes no mercado dom\u00e9stico, como aqueles do mercado global de farelo de soja\u201d, completa o executivo.<\/p>\n<p>O governo baiano foi informado por meio de um comunicado enviado \u00e0 Secretaria de Desenvolvimento Econ\u00f4mico (SDE), sobre a formaliza\u00e7\u00e3o do neg\u00f3cio.<\/p>\n<\/div>\n<div>\n<p>\u201cReceber essa not\u00edcia, no momento em que o presidente americano resolve aumentar sua taxa\u00e7\u00e3o sobre produtos brasileiros, \u00e9 muito importante para a economia baiana. A amplia\u00e7\u00e3o dos investimentos dessa gigante s\u00e3o fruto do trabalho s\u00e9rio e comprometido do time do governador Jer\u00f4nimo Rodrigues.<\/p>\n<h2 class=\"wp-block-heading\" id=\"h-investimentos\">Investimentos<\/h2>\n<p>Nos \u00faltimos cinco anos, a empresa americana alcan\u00e7ou a marca de R$ 8,1 bilh\u00f5es em recursos financeiros investidos em sua opera\u00e7\u00e3o no Brasil.<\/p>\n<p>Como resultado, s\u00e3o 29 f\u00e1bricas, 75 armaz\u00e9ns, e sete terminais portu\u00e1rios. Al\u00e9m disso, dois centros de inova\u00e7\u00e3o, um centro de servi\u00e7os compartilhados, cinco centros de distribui\u00e7\u00e3o, 14 escrit\u00f3rios comerciais e quatro escrit\u00f3rios corporativos fazem parte da estrutura da empresa no pa\u00eds.\u00a0<\/p>\n<hr class=\"wp-block-separator has-alpha-channel-opacity\"\/>\n<p><em>Voc\u00ea tamb\u00e9m pode participar deixando uma sugest\u00e3o de pauta. Siga o\u00a0<a href=\"https:\/\/www.instagram.com\/canalruralbahia\/\">Canal Rural Bahia no Instagram<\/a>\u00a0e nos envie uma mensagem<\/em>.<\/p>\n<\/p><\/div>\n<p><script async src=\"\/\/www.instagram.com\/embed.js\"><\/script><br \/>\n<br \/><br \/>\n<br \/><a href=\"https:\/\/www.canalrural.com.br\/nacional\/bahia\/empresa-americana-anuncia-aquisicao-de-planta-industrial-no-oeste-da-bahia\/\">Source link <\/a><\/p>\n","protected":false},"excerpt":{"rendered":"<p>A Cargill informou aquisi\u00e7\u00e3o de uma planta industrial de esmagamento, refinaria e envase de \u00f3leo em Barreiras, no Oeste da<\/p>\n","protected":false},"author":1,"featured_media":16804,"comment_status":"open","ping_status":"open","sticky":false,"template":"","format":"standard","meta":{"_monsterinsights_skip_tracking":false,"_monsterinsights_sitenote_active":false,"_monsterinsights_sitenote_note":"","_monsterinsights_sitenote_category":0,"_uf_show_specific_survey":0,"_uf_disable_surveys":false,"footnotes":""},"categories":[1],"tags":[],"class_list":["post-16803","post","type-post","status-publish","format-standard","has-post-thumbnail","hentry","category-news"],"_links":{"self":[{"href":"https:\/\/agromt.news\/index.php?rest_route=\/wp\/v2\/posts\/16803"}],"collection":[{"href":"https:\/\/agromt.news\/index.php?rest_route=\/wp\/v2\/posts"}],"about":[{"href":"https:\/\/agromt.news\/index.php?rest_route=\/wp\/v2\/types\/post"}],"author":[{"embeddable":true,"href":"https:\/\/agromt.news\/index.php?rest_route=\/wp\/v2\/users\/1"}],"replies":[{"embeddable":true,"href":"https:\/\/agromt.news\/index.php?rest_route=%2Fwp%2Fv2%2Fcomments&post=16803"}],"version-history":[{"count":0,"href":"https:\/\/agromt.news\/index.php?rest_route=\/wp\/v2\/posts\/16803\/revisions"}],"wp:featuredmedia":[{"embeddable":true,"href":"https:\/\/agromt.news\/index.php?rest_route=\/wp\/v2\/media\/16804"}],"wp:attachment":[{"href":"https:\/\/agromt.news\/index.php?rest_route=%2Fwp%2Fv2%2Fmedia&parent=16803"}],"wp:term":[{"taxonomy":"category","embeddable":true,"href":"https:\/\/agromt.news\/index.php?rest_route=%2Fwp%2Fv2%2Fcategories&post=16803"},{"taxonomy":"post_tag","embeddable":true,"href":"https:\/\/agromt.news\/index.php?rest_route=%2Fwp%2Fv2%2Ftags&post=16803"}],"curies":[{"name":"wp","href":"https:\/\/api.w.org\/{rel}","templated":true}]}}