{"id":16794,"date":"2025-07-15T16:14:24","date_gmt":"2025-07-15T20:14:24","guid":{"rendered":"https:\/\/agromt.news\/?p=16794"},"modified":"2025-07-15T16:14:24","modified_gmt":"2025-07-15T20:14:24","slug":"preco-do-cafe-ao-consumidor-deve-cair-nos-proximos-meses-avalia-itau-bba","status":"publish","type":"post","link":"https:\/\/agromt.news\/?p=16794","title":{"rendered":"Pre\u00e7o do caf\u00e9 ao consumidor deve cair nos pr\u00f3ximos meses, avalia Ita\u00fa BBA"},"content":{"rendered":"<p> <br \/>\n<br \/><img decoding=\"async\" src=\"https:\/\/agromt.news\/wp-content\/uploads\/2024\/11\/Produtores-de-cafe-firmam-negocios-em-encontro-do-setor.jpg\" \/><\/p>\n<div>\n<p>O pre\u00e7o do caf\u00e9 pode <a href=\"https:\/\/www.canalrural.com.br\/agricultura\/cafe-sofre-queda-de-mais-de-20-no-mes-de-junho\/\">come\u00e7ar a recuar<\/a> para o consumidor nos pr\u00f3ximos meses, impulsionado pelo avan\u00e7o da colheita e pelo aumento gradual da oferta, especialmente de caf\u00e9 robusta. A avalia\u00e7\u00e3o \u00e9 do Ita\u00fa BBA, em sua mais recente edi\u00e7\u00e3o do relat\u00f3rio Vis\u00e3o Agro.<\/p>\n<p>Segundo estimativa do Departamento de Agricultura dos Estados Unidos (USDA), a produ\u00e7\u00e3o brasileira na safra 2025\/26 deve alcan\u00e7ar 40,9 milh\u00f5es de sacas de caf\u00e9 ar\u00e1bica e 24 milh\u00f5es de sacas de robusta. Na compara\u00e7\u00e3o com o ciclo anterior, a produ\u00e7\u00e3o de ar\u00e1bica tende a recuar 6,4%, enquanto a de robusta deve crescer 14,8%.<\/p>\n<p>Ap\u00f3s um ciclo marcado por forte alta nos custos da mat\u00e9ria-prima, que exigiu repasses significativos ao varejo, a ind\u00fastria come\u00e7a a vislumbrar um cen\u00e1rio mais favor\u00e1vel. A boa safra de robusta tende a favorecer a recomposi\u00e7\u00e3o dos blends, com maior participa\u00e7\u00e3o desse tipo de gr\u00e3o \u2014 movimento limitado nos \u00faltimos dois anos, quando houve quebras de safra no Brasil e no Vietn\u00e3.<\/p>\n<p>Com a expectativa de maior disponibilidade global em 2025\/26, a disputa pela mat\u00e9ria-prima entre exportadores, torrefa\u00e7\u00f5es e a ind\u00fastria de sol\u00favel tende a se reduzir. No entanto, a entrada em vigor da legisla\u00e7\u00e3o europeia antidesmatamento pode gerar antecipa\u00e7\u00e3o de compras por parte dos importadores, como observado no ano anterior.<\/p>\n<p><em>Veja em primeira m\u00e3o tudo sobre agricultura, pecu\u00e1ria, economia e previs\u00e3o do tempo:<\/em><a href=\"https:\/\/news.google.com\/publications\/CAAqBwgKMPKZlQswq_mqAw?hl=pt-BR&amp;gl=BR&amp;ceid=BR%3Apt-419\"><em>\u00a0<\/em><strong><em>siga o Canal Rural no Google News!<\/em><\/strong><\/a><\/p>\n<\/div>\n<div>\n<p>A recupera\u00e7\u00e3o da demanda interna, por sua vez, deve ocorrer de forma gradual. A alta acumulada nos pre\u00e7os nos \u00faltimos anos for\u00e7ou parte dos consumidores a migrar para caf\u00e9s de menor valor agregado, um comportamento que tende a persistir mesmo com a recente corre\u00e7\u00e3o de pre\u00e7os.<\/p>\n<p>Segundo o relat\u00f3rio, a volatilidade cambial segue como fator de alerta. Mesmo com recuo dos pre\u00e7os internacionais, uma eventual desvaloriza\u00e7\u00e3o do real pode reduzir ou anular os efeitos dessa queda para empresas com custos dolarizados, exposi\u00e7\u00e3o ao mercado externo ou d\u00edvidas em moeda estrangeira.<\/p>\n<h2 class=\"wp-block-heading\" id=\"h-efeito-trump\">Efeito Trump<\/h2>\n<p>Entre os fatores que v\u00eam pressionando o cen\u00e1rio global est\u00e1 a imposi\u00e7\u00e3o de<a href=\"https:\/\/www.canalrural.com.br\/agricultura\/cafe\/tarifa-dos-eua-ameaca-exportacao-de-cafe-negociacao-urgente-defende-cecafe\/\"> tarifas pelos EUA, anunciadas pelo presidente Donald Trump<\/a>. De acordo com avalia\u00e7\u00e3o do Ita\u00fa BBA, substituir o Brasil no fornecimento de caf\u00e9 n\u00e3o \u00e9 uma tarefa simples, dada a baixa capacidade dos demais pa\u00edses produtores. Mesmo que parte da demanda americana possa ser atendida por outras origens no curto prazo, o impacto seria inflacion\u00e1rio, o que tende a reduzir o consumo.<\/p>\n<p>Os EUA s\u00e3o o maior consumidor mundial do gr\u00e3o, com cerca de 25 milh\u00f5es de sacas ao ano, sendo a maior parte de caf\u00e9 ar\u00e1bica. O Brasil lidera a produ\u00e7\u00e3o global dessa variedade, com 42% de participa\u00e7\u00e3o, seguido por Col\u00f4mbia (13%) e Eti\u00f3pia (12%). Os demais fornecedores t\u00eam presen\u00e7a significativamente menor no mercado.<\/p>\n<\/p><\/div>\n<p><br \/>\n<br \/><a href=\"https:\/\/www.canalrural.com.br\/agricultura\/preco-do-cafe-deve-cair-nos-proximos-meses-segundo-itau-bba\/\">Source link <\/a><\/p>\n","protected":false},"excerpt":{"rendered":"<p>O pre\u00e7o do caf\u00e9 pode come\u00e7ar a recuar para o consumidor nos pr\u00f3ximos meses, impulsionado pelo avan\u00e7o da colheita e<\/p>\n","protected":false},"author":1,"featured_media":5466,"comment_status":"open","ping_status":"open","sticky":false,"template":"","format":"standard","meta":{"_monsterinsights_skip_tracking":false,"_monsterinsights_sitenote_active":false,"_monsterinsights_sitenote_note":"","_monsterinsights_sitenote_category":0,"_uf_show_specific_survey":0,"_uf_disable_surveys":false,"footnotes":""},"categories":[1],"tags":[],"class_list":["post-16794","post","type-post","status-publish","format-standard","has-post-thumbnail","hentry","category-news"],"_links":{"self":[{"href":"https:\/\/agromt.news\/index.php?rest_route=\/wp\/v2\/posts\/16794"}],"collection":[{"href":"https:\/\/agromt.news\/index.php?rest_route=\/wp\/v2\/posts"}],"about":[{"href":"https:\/\/agromt.news\/index.php?rest_route=\/wp\/v2\/types\/post"}],"author":[{"embeddable":true,"href":"https:\/\/agromt.news\/index.php?rest_route=\/wp\/v2\/users\/1"}],"replies":[{"embeddable":true,"href":"https:\/\/agromt.news\/index.php?rest_route=%2Fwp%2Fv2%2Fcomments&post=16794"}],"version-history":[{"count":0,"href":"https:\/\/agromt.news\/index.php?rest_route=\/wp\/v2\/posts\/16794\/revisions"}],"wp:featuredmedia":[{"embeddable":true,"href":"https:\/\/agromt.news\/index.php?rest_route=\/wp\/v2\/media\/5466"}],"wp:attachment":[{"href":"https:\/\/agromt.news\/index.php?rest_route=%2Fwp%2Fv2%2Fmedia&parent=16794"}],"wp:term":[{"taxonomy":"category","embeddable":true,"href":"https:\/\/agromt.news\/index.php?rest_route=%2Fwp%2Fv2%2Fcategories&post=16794"},{"taxonomy":"post_tag","embeddable":true,"href":"https:\/\/agromt.news\/index.php?rest_route=%2Fwp%2Fv2%2Ftags&post=16794"}],"curies":[{"name":"wp","href":"https:\/\/api.w.org\/{rel}","templated":true}]}}