{"id":16789,"date":"2025-07-15T15:29:04","date_gmt":"2025-07-15T19:29:04","guid":{"rendered":"https:\/\/agromt.news\/?p=16789"},"modified":"2025-07-15T15:29:04","modified_gmt":"2025-07-15T19:29:04","slug":"vamos-trabalhar-junto-ao-empresariado-por-maior-prazo-das-tarifas-dos-eua-diz-alckmin","status":"publish","type":"post","link":"https:\/\/agromt.news\/?p=16789","title":{"rendered":"Vamos trabalhar, junto ao empresariado, por maior prazo das tarifas dos EUA, diz Alckmin"},"content":{"rendered":"<p> <br \/>\n<br \/><img decoding=\"async\" src=\"https:\/\/agromt.news\/wp-content\/uploads\/2025\/03\/Geraldo-Alckmin-participa-do-lancamento-do-projeto-Memorias-do-Brasil.webp.webp\" \/><\/p>\n<div>\n<p>O vice-presidente e ministro da Ind\u00fastria, Geraldo Alckmin, afirmou que o governo ainda busca flexibilizar o prazo determinado pelo governo dos <strong><a href=\"http:\/\/www.canalrural.com.br\/tag\/estados-unidos\/\">Estados Unidos<\/a><\/strong> para taxar as exporta\u00e7\u00f5es brasileiras em 50% a partir de 1\u00ba de agosto. \u201cO prazo \u00e9 ex\u00edguo, mas vamos trabalhar para dar o m\u00e1ximo nesse prazo\u201d, disse nesta ter\u00e7a-feira (15), ap\u00f3s reuni\u00e3o com representantes do setor produtivo.<\/p>\n<p>A proposta do empresariado \u00e9 de pelo menos mais 90 dias de discuss\u00e3o, o que foi refor\u00e7ado por representantes do setor produtivo, como o presidente da Federa\u00e7\u00e3o das Ind\u00fastrias do Estado de S\u00e3o Paulo (Fiesp), Josu\u00e9 Gomes. Conforme o vice-presidente, os executivos brasileiros far\u00e3o parte da tentativa de press\u00e3o por maior prazo. O per\u00edodo, afirmou, poder\u00e1 inclusive servir para acordos comerciais positivos.<\/p>\n<p>\u201c\u00c9 uma rela\u00e7\u00e3o importante, que repercute tamb\u00e9m nos Estados Unidos, podendo encarecer a economia americana. E tamb\u00e9m \u00e9 uma oportunidade para mais acordos comerciais\u201d, disse Alckmin. Durante a reuni\u00e3o do comit\u00ea criado pelo governo para lidar com a crise, o empresariado se comprometeu a conversar com seus parceiros norte-americanos, o que serviria para chamar a aten\u00e7\u00e3o para os inevit\u00e1veis preju\u00edzos m\u00fatuos.<\/p>\n<\/div>\n<div>\n<p>Segundo o vice-presidente, o governo brasileiro sempre manteve di\u00e1logo com os Estados Unidos. \u201cEnviamos uma carta h\u00e1 dois meses sobre tratativa de acordo e n\u00e3o obtivemos resposta\u201d, afirmou. Agora, diante da deflagra\u00e7\u00e3o da ofensiva contra o Brasil, Alckmin disse que uma nova carta ser\u00e1 enviada refor\u00e7ando que o governo brasileiro aguarda respostas.<\/p>\n<p>Reiterando um argumento que tem sido utilizado por empres\u00e1rios e pelo governo, apontou que os Estados Unidos t\u00eam super\u00e1vit na balan\u00e7a comercial. \u201cDe janeiro a junho (deste ano), as exporta\u00e7\u00f5es dos EUA para o Brasil aumentaram 11,48%. As exporta\u00e7\u00f5es do Brasil para os EUA, 4,37%\u201d, afirmou Alckmin.<\/p>\n<h2 class=\"wp-block-heading\" id=\"h-comite\"><b>Comit\u00ea<\/b><\/h2>\n<p>O nomeado Comit\u00ea Interministerial de Negocia\u00e7\u00e3o e Contramedidas Econ\u00f4micas e Comerciais foi oficializado no decreto que regula a Lei de Reciprocidade Econ\u00f4mica (lei 15.122\/25). A reuni\u00e3o desta ter\u00e7a contou com a presen\u00e7a de 18 executivos de diferentes setores. Um novo encontro est\u00e1 marcado para esta quarta-feira (16). Ainda nesta ter\u00e7a, o comit\u00ea realiza uma segunda reuni\u00e3o quando o foco ser\u00e1 o agroneg\u00f3cio.<\/p>\n<p>Al\u00e9m do vice-presidente e empres\u00e1rios, estavam presentes o ministro da Fazenda, Fernando Haddad; a ministra do Planejamento, Simone Tebet; a ministra das Rela\u00e7\u00f5es Institucionais, Gleisi Hoffmann; o ministro da Casa Civil, Rui Costa, e o ministro de Portos e Aeroportos (MPor), Silvio Costa Filho.<\/p>\n<\/p><\/div>\n<p><br \/>\n<br \/><a href=\"https:\/\/www.canalrural.com.br\/economia\/vamos-trabalhar-junto-ao-empresariado-por-maior-prazo-das-tarifas-dos-eua-diz-alckmin\/\">Source link <\/a><\/p>\n","protected":false},"excerpt":{"rendered":"<p>O vice-presidente e ministro da Ind\u00fastria, Geraldo Alckmin, afirmou que o governo ainda busca flexibilizar o prazo determinado pelo governo<\/p>\n","protected":false},"author":1,"featured_media":11462,"comment_status":"open","ping_status":"open","sticky":false,"template":"","format":"standard","meta":{"_monsterinsights_skip_tracking":false,"_monsterinsights_sitenote_active":false,"_monsterinsights_sitenote_note":"","_monsterinsights_sitenote_category":0,"_uf_show_specific_survey":0,"_uf_disable_surveys":false,"footnotes":""},"categories":[1],"tags":[],"class_list":["post-16789","post","type-post","status-publish","format-standard","has-post-thumbnail","hentry","category-news"],"_links":{"self":[{"href":"https:\/\/agromt.news\/index.php?rest_route=\/wp\/v2\/posts\/16789"}],"collection":[{"href":"https:\/\/agromt.news\/index.php?rest_route=\/wp\/v2\/posts"}],"about":[{"href":"https:\/\/agromt.news\/index.php?rest_route=\/wp\/v2\/types\/post"}],"author":[{"embeddable":true,"href":"https:\/\/agromt.news\/index.php?rest_route=\/wp\/v2\/users\/1"}],"replies":[{"embeddable":true,"href":"https:\/\/agromt.news\/index.php?rest_route=%2Fwp%2Fv2%2Fcomments&post=16789"}],"version-history":[{"count":0,"href":"https:\/\/agromt.news\/index.php?rest_route=\/wp\/v2\/posts\/16789\/revisions"}],"wp:featuredmedia":[{"embeddable":true,"href":"https:\/\/agromt.news\/index.php?rest_route=\/wp\/v2\/media\/11462"}],"wp:attachment":[{"href":"https:\/\/agromt.news\/index.php?rest_route=%2Fwp%2Fv2%2Fmedia&parent=16789"}],"wp:term":[{"taxonomy":"category","embeddable":true,"href":"https:\/\/agromt.news\/index.php?rest_route=%2Fwp%2Fv2%2Fcategories&post=16789"},{"taxonomy":"post_tag","embeddable":true,"href":"https:\/\/agromt.news\/index.php?rest_route=%2Fwp%2Fv2%2Ftags&post=16789"}],"curies":[{"name":"wp","href":"https:\/\/api.w.org\/{rel}","templated":true}]}}