{"id":16787,"date":"2025-07-15T15:14:55","date_gmt":"2025-07-15T19:14:55","guid":{"rendered":"https:\/\/agromt.news\/?p=16787"},"modified":"2025-07-15T15:14:55","modified_gmt":"2025-07-15T19:14:55","slug":"empresarios-esperam-acordo-antes-de-possivel-retaliacao-aos-eua","status":"publish","type":"post","link":"https:\/\/agromt.news\/?p=16787","title":{"rendered":"Empres\u00e1rios esperam acordo antes de poss\u00edvel retalia\u00e7\u00e3o aos EUA"},"content":{"rendered":"<p> <br \/>\n<br \/><img decoding=\"async\" src=\"https:\/\/agromt.news\/wp-content\/uploads\/2025\/07\/Empresarios-esperam-acordo-antes-de-possivel-retaliacao-aos-EUA.jpg\" \/><\/p>\n<div>\n<p>As principais lideran\u00e7as da ind\u00fastria brasileira participaram na manh\u00e3 desta ter\u00e7a-feira (15) de reuni\u00e3o com representantes do governo federal. <\/p>\n<p>O encontro, liderado pelo vice-presidente e ministro do Desenvolvimento, Ind\u00fastria e Com\u00e9rcio (MDIC), Geraldo Alckmin, tratou da decis\u00e3o dos Estados Unidos de taxar em 50% os produtos brasileiros a partir de 1\u00ba de agosto.<\/p>\n<p>Em coletiva de imprensa ap\u00f3s a reuni\u00e3o, o presidente da Confedera\u00e7\u00e3o Nacional da Ind\u00fastria (CNI), Ricardo Alban, disse que o governo e o setor empresarial est\u00e3o \u201cun\u00edssonos e convergentes\u201d em busca de uma solu\u00e7\u00e3o, de prefer\u00eancia antes da data prevista para a taxa\u00e7\u00e3o.<\/p>\n<p>\u201cN\u00e3o podermos ficar na imprevisibilidade. Temos produtos perec\u00edveis envolvidos nessa quest\u00e3o\u201d, ressaltou Alban, que defende a via da negocia\u00e7\u00e3o com os norte-americanos. \u201cO que entendemos \u00e9 que o Brasil n\u00e3o se precipitar\u00e1 em medidas de retalia\u00e7\u00e3o.\u201d<\/p>\n<p>O presidente da Federa\u00e7\u00e3o das Ind\u00fastrias do Estado de S\u00e3o Paulo (Fiesp), Josu\u00e9 Gomes, afirmou que o setor tem \u201cconfian\u00e7a absoluta\u201d na capacidade de negocia\u00e7\u00e3o do Minist\u00e9rio das Rela\u00e7\u00f5es Exteriores (MRE) e do MDIC.<\/p>\n<\/div>\n<div>\n<p>\u201cVamos dar todo suporte e apoio para que o Brasil chegue a um entendimento em benef\u00edcio das empresas brasileiras e norte-americanas\u201d, disse Gomes.<\/p>\n<p>O vice-presidente da Rep\u00fablica, Geraldo Alckmin, tamb\u00e9m participou da coletiva. Ele agradeceu a contribui\u00e7\u00e3o dos empres\u00e1rios e destacou que a inten\u00e7\u00e3o do governo \u00e9 resolver o problema, em di\u00e1logo com o setor privado.<\/p>\n<p>Alckmin n\u00e3o descartou a possibilidade de buscar o adiamento da taxa\u00e7\u00e3o caso at\u00e9 o dia 1\u00ba de agosto Brasil e Estados Unidos n\u00e3o cheguem a um acordo.<\/p>\n<p>A lei de reciprocidade econ\u00f4mica, aprovada pelo Congresso neste ano, deve ser usada para balizar a atua\u00e7\u00e3o do governo brasileiro. <strong><a href=\"https:\/\/www.canalrural.com.br\/economia\/governo-federal-publica-decreto-regulamentando-lei-de-reciprocidade-comercial\/\">A regulamenta\u00e7\u00e3o da lei foi publicada nesta ter\u00e7a-feira.<\/a><\/strong><\/p>\n<\/p><\/div>\n<p><br \/>\n<br \/><a href=\"https:\/\/www.canalrural.com.br\/economia\/empresarios-esperam-acordo-antes-de-possivel-retaliacao-aos-eua\/\">Source link <\/a><\/p>\n","protected":false},"excerpt":{"rendered":"<p>As principais lideran\u00e7as da ind\u00fastria brasileira participaram na manh\u00e3 desta ter\u00e7a-feira (15) de reuni\u00e3o com representantes do governo federal. O<\/p>\n","protected":false},"author":1,"featured_media":16788,"comment_status":"open","ping_status":"open","sticky":false,"template":"","format":"standard","meta":{"_monsterinsights_skip_tracking":false,"_monsterinsights_sitenote_active":false,"_monsterinsights_sitenote_note":"","_monsterinsights_sitenote_category":0,"_uf_show_specific_survey":0,"_uf_disable_surveys":false,"footnotes":""},"categories":[1],"tags":[],"class_list":["post-16787","post","type-post","status-publish","format-standard","has-post-thumbnail","hentry","category-news"],"_links":{"self":[{"href":"https:\/\/agromt.news\/index.php?rest_route=\/wp\/v2\/posts\/16787"}],"collection":[{"href":"https:\/\/agromt.news\/index.php?rest_route=\/wp\/v2\/posts"}],"about":[{"href":"https:\/\/agromt.news\/index.php?rest_route=\/wp\/v2\/types\/post"}],"author":[{"embeddable":true,"href":"https:\/\/agromt.news\/index.php?rest_route=\/wp\/v2\/users\/1"}],"replies":[{"embeddable":true,"href":"https:\/\/agromt.news\/index.php?rest_route=%2Fwp%2Fv2%2Fcomments&post=16787"}],"version-history":[{"count":0,"href":"https:\/\/agromt.news\/index.php?rest_route=\/wp\/v2\/posts\/16787\/revisions"}],"wp:featuredmedia":[{"embeddable":true,"href":"https:\/\/agromt.news\/index.php?rest_route=\/wp\/v2\/media\/16788"}],"wp:attachment":[{"href":"https:\/\/agromt.news\/index.php?rest_route=%2Fwp%2Fv2%2Fmedia&parent=16787"}],"wp:term":[{"taxonomy":"category","embeddable":true,"href":"https:\/\/agromt.news\/index.php?rest_route=%2Fwp%2Fv2%2Fcategories&post=16787"},{"taxonomy":"post_tag","embeddable":true,"href":"https:\/\/agromt.news\/index.php?rest_route=%2Fwp%2Fv2%2Ftags&post=16787"}],"curies":[{"name":"wp","href":"https:\/\/api.w.org\/{rel}","templated":true}]}}