{"id":16783,"date":"2025-07-15T14:32:04","date_gmt":"2025-07-15T18:32:04","guid":{"rendered":"https:\/\/agromt.news\/?p=16783"},"modified":"2025-07-15T14:32:04","modified_gmt":"2025-07-15T18:32:04","slug":"mercado-do-boi-gordo-inicia-semana-em-baixa","status":"publish","type":"post","link":"https:\/\/agromt.news\/?p=16783","title":{"rendered":"Mercado do boi gordo inicia semana em baixa"},"content":{"rendered":"<p> <br \/>\n<\/p>\n<div>\n<p style=\"text-align:justify\">A cota\u00e7\u00e3o do boi gordo em S\u00e3o Paulo apresentou queda nesta segunda-feira (14), refletindo a retra\u00e7\u00e3o das ind\u00fastrias frigor\u00edficas, que se mantiveram em sua maioria fora das compras. A informa\u00e7\u00e3o consta na an\u00e1lise \u201cTem Boi na Linha\u201d, da Scot Consultoria.&#13;\n<\/p>\n<p style=\"text-align:justify\">Segundo o relat\u00f3rio, a decis\u00e3o de reduzir ou suspender as negocia\u00e7\u00f5es no in\u00edcio da semana est\u00e1 relacionada \u00e0 cautela diante das incertezas geradas pelo an\u00fancio de tarifas comerciais por parte dos Estados Unidos. \u201cOs frigor\u00edficos ativos reduziram os valores de oferta, enquanto os que estavam fora do mercado especularam pre\u00e7os inferiores aos praticados na semana anterior\u201d, informou a consultoria.&#13;\n<\/p>\n<p style=\"text-align:justify\">Como consequ\u00eancia, a arroba do boi gordo caiu R$ 3,00, enquanto a do \u201cboi China\u201d teve retra\u00e7\u00e3o de R$ 4,00. As cota\u00e7\u00f5es da vaca e da novilha permaneceram est\u00e1veis. As escalas de abate, por sua vez, est\u00e3o em m\u00e9dia programadas para 10 dias.<\/p>\n<p style=\"text-align:justify\">No Oeste do Maranh\u00e3o, o mercado iniciou a semana em estabilidade, ap\u00f3s tr\u00eas dias consecutivos de queda na semana anterior. As cota\u00e7\u00f5es de todas as categorias permaneceram inalteradas.<\/p>\n<p style=\"text-align:justify\">No mercado atacadista com osso, apesar do aumento nas vendas impulsionado pelo pagamento dos sal\u00e1rios, os estoques ainda elevados limitaram a rea\u00e7\u00e3o dos pre\u00e7os. A carca\u00e7a casada do boi cap\u00e3o recuou 1,9% (R$ 0,40\/kg), e a do boi inteiro caiu 1,0% (R$ 0,20\/kg). As carca\u00e7as da vaca e da novilha tamb\u00e9m tiveram queda, de 1,3% (R$ 0,25\/kg) e 1,0% (R$ 0,20\/kg), respectivamente.&#13;\n<\/p>\n<p style=\"text-align:justify\">Entre as carnes alternativas, o frango m\u00e9dio teve leve recuo de 0,1% (R$ 0,01\/kg), enquanto a carca\u00e7a de su\u00edno especial apresentou queda mais acentuada, de 3,9% (R$ 0,50\/kg).<\/p>\n<\/p><\/div>\n<p><script data-cfasync=\"false\">\n    !function (f, b, e, v, n, t, s) {\n        if (f.fbq) return; n = f.fbq = function () {\n            n.callMethod ?\n                n.callMethod.apply(n, arguments) : n.queue.push(arguments)\n        };\n        if (!f._fbq) f._fbq = n; n.push = n; n.loaded = !0; n.version = '2.0';\n        n.queue = []; t = b.createElement(e); t.async = !0;\n        t.src = v; s = b.getElementsByTagName(e)[0];\n        s.parentNode.insertBefore(t, s)\n    }(window, document, 'script',\n        'https:\/\/connect.facebook.net\/en_US\/fbevents.js');\n    fbq('init', '522546078623747');\n    fbq('track', 'PageView');\n<\/script><br \/>\n<br \/><br \/>\n<br \/><a href=\"https:\/\/www.agrolink.com.br\/noticias\/mercado-do-boi-gordo-inicia-semana-em-baixa_503896.html\">Source link <\/a><\/p>\n","protected":false},"excerpt":{"rendered":"<p>A cota\u00e7\u00e3o do boi gordo em S\u00e3o Paulo apresentou queda nesta segunda-feira (14), refletindo a retra\u00e7\u00e3o das ind\u00fastrias frigor\u00edficas, que<\/p>\n","protected":false},"author":1,"featured_media":5028,"comment_status":"open","ping_status":"open","sticky":false,"template":"","format":"standard","meta":{"_monsterinsights_skip_tracking":false,"_monsterinsights_sitenote_active":false,"_monsterinsights_sitenote_note":"","_monsterinsights_sitenote_category":0,"_uf_show_specific_survey":0,"_uf_disable_surveys":false,"footnotes":""},"categories":[8,1,14],"tags":[],"class_list":["post-16783","post","type-post","status-publish","format-standard","has-post-thumbnail","hentry","category-agro","category-news","category-politica-agro"],"_links":{"self":[{"href":"https:\/\/agromt.news\/index.php?rest_route=\/wp\/v2\/posts\/16783"}],"collection":[{"href":"https:\/\/agromt.news\/index.php?rest_route=\/wp\/v2\/posts"}],"about":[{"href":"https:\/\/agromt.news\/index.php?rest_route=\/wp\/v2\/types\/post"}],"author":[{"embeddable":true,"href":"https:\/\/agromt.news\/index.php?rest_route=\/wp\/v2\/users\/1"}],"replies":[{"embeddable":true,"href":"https:\/\/agromt.news\/index.php?rest_route=%2Fwp%2Fv2%2Fcomments&post=16783"}],"version-history":[{"count":0,"href":"https:\/\/agromt.news\/index.php?rest_route=\/wp\/v2\/posts\/16783\/revisions"}],"wp:featuredmedia":[{"embeddable":true,"href":"https:\/\/agromt.news\/index.php?rest_route=\/wp\/v2\/media\/5028"}],"wp:attachment":[{"href":"https:\/\/agromt.news\/index.php?rest_route=%2Fwp%2Fv2%2Fmedia&parent=16783"}],"wp:term":[{"taxonomy":"category","embeddable":true,"href":"https:\/\/agromt.news\/index.php?rest_route=%2Fwp%2Fv2%2Fcategories&post=16783"},{"taxonomy":"post_tag","embeddable":true,"href":"https:\/\/agromt.news\/index.php?rest_route=%2Fwp%2Fv2%2Ftags&post=16783"}],"curies":[{"name":"wp","href":"https:\/\/api.w.org\/{rel}","templated":true}]}}