{"id":16781,"date":"2025-07-15T12:31:01","date_gmt":"2025-07-15T16:31:01","guid":{"rendered":"https:\/\/agromt.news\/?p=16781"},"modified":"2025-07-15T12:31:01","modified_gmt":"2025-07-15T16:31:01","slug":"setor-do-algodao-cresce-e-ajuda-a-equilibrar-oferta","status":"publish","type":"post","link":"https:\/\/agromt.news\/?p=16781","title":{"rendered":"Setor do algod\u00e3o cresce e ajuda a equilibrar oferta"},"content":{"rendered":"<p> <br \/>\n<\/p>\n<div>\n<p style=\"text-align:justify\">A cadeia do <a href=\"https:\/\/www.agrolink.com.br\/culturas\/algodao\/\" target=\"_blank\" rel=\"noopener\">algod\u00e3o<\/a> registra avan\u00e7os relevantes para a temporada 2025\/26. A produ\u00e7\u00e3o global foi revisada para cima, alcan\u00e7ando 25,8 milh\u00f5es de toneladas. O estoque final tamb\u00e9m subiu, de 16,7 para 16,8 milh\u00f5es de toneladas, o que garante maior estabilidade ao setor.&#13;\n<\/p>\n<p style=\"text-align:justify\">Segundo informa\u00e7\u00f5es da consultoria Ita\u00fa BBA, o Brasil tem protagonismo nesse avan\u00e7o, com produ\u00e7\u00e3o estimada em 4 milh\u00f5es de toneladas, um crescimento de 7,4% em rela\u00e7\u00e3o ao ciclo anterior. O aumento \u00e9 reflexo da expans\u00e3o da \u00e1rea plantada, que chegou a 2,1 milh\u00f5es de hectares.<\/p>\n<p style=\"text-align:justify\">O consumo dom\u00e9stico brasileiro deve atingir 800 mil toneladas, enquanto as exporta\u00e7\u00f5es devem alcan\u00e7ar 3,1 milh\u00f5es de toneladas, refor\u00e7ando a posi\u00e7\u00e3o do pa\u00eds como segundo maior exportador mundial. Esse desempenho \u00e9 favorecido pela qualidade da fibra brasileira e pela valoriza\u00e7\u00e3o no mercado internacional.&#13;\n<\/p>\n<p style=\"text-align:justify\">Nos Estados Unidos, principal concorrente do Brasil, a produ\u00e7\u00e3o tamb\u00e9m foi revisada para cima, de 3 para 3,2 milh\u00f5es de toneladas. J\u00e1 na China, principal destino da fibra, as importa\u00e7\u00f5es foram reduzidas de 1,4 para 1,3 milh\u00e3o de toneladas, sinalizando ajuste na demanda.<\/p>\n<p style=\"text-align:justify\">A rela\u00e7\u00e3o entre estoque e consumo global segue est\u00e1vel, em torno de 65%, o que indica equil\u00edbrio entre oferta e demanda no curto prazo. Esse fator deve evitar grandes oscila\u00e7\u00f5es de pre\u00e7o, apesar da volatilidade sazonal do mercado.<\/p>\n<p style=\"text-align:justify\">Com cen\u00e1rio de alta produtividade e forte presen\u00e7a no mercado externo, o Brasil consolida seu papel estrat\u00e9gico na oferta mundial de algod\u00e3o. O desempenho da pr\u00f3xima safra ser\u00e1 decisivo para manter o ritmo positivo e atender \u00e0 demanda crescente por fibras naturais.&#13;\n<\/p>\n<\/p><\/div>\n<p><script data-cfasync=\"false\">\n    !function (f, b, e, v, n, t, s) {\n        if (f.fbq) return; n = f.fbq = function () {\n            n.callMethod ?\n                n.callMethod.apply(n, arguments) : n.queue.push(arguments)\n        };\n        if (!f._fbq) f._fbq = n; n.push = n; n.loaded = !0; n.version = '2.0';\n        n.queue = []; t = b.createElement(e); t.async = !0;\n        t.src = v; s = b.getElementsByTagName(e)[0];\n        s.parentNode.insertBefore(t, s)\n    }(window, document, 'script',\n        'https:\/\/connect.facebook.net\/en_US\/fbevents.js');\n    fbq('init', '522546078623747');\n    fbq('track', 'PageView');\n<\/script><br \/>\n<br \/><br \/>\n<br \/><a href=\"https:\/\/www.agrolink.com.br\/noticias\/setor-do-algodao-cresce-e-ajuda-a-equilibrar-oferta_503897.html\">Source link <\/a><\/p>\n","protected":false},"excerpt":{"rendered":"<p>A cadeia do algod\u00e3o registra avan\u00e7os relevantes para a temporada 2025\/26. A produ\u00e7\u00e3o global foi revisada para cima, alcan\u00e7ando 25,8<\/p>\n","protected":false},"author":1,"featured_media":4949,"comment_status":"open","ping_status":"open","sticky":false,"template":"","format":"standard","meta":{"_monsterinsights_skip_tracking":false,"_monsterinsights_sitenote_active":false,"_monsterinsights_sitenote_note":"","_monsterinsights_sitenote_category":0,"_uf_show_specific_survey":0,"_uf_disable_surveys":false,"footnotes":""},"categories":[8,1,14],"tags":[],"class_list":["post-16781","post","type-post","status-publish","format-standard","has-post-thumbnail","hentry","category-agro","category-news","category-politica-agro"],"_links":{"self":[{"href":"https:\/\/agromt.news\/index.php?rest_route=\/wp\/v2\/posts\/16781"}],"collection":[{"href":"https:\/\/agromt.news\/index.php?rest_route=\/wp\/v2\/posts"}],"about":[{"href":"https:\/\/agromt.news\/index.php?rest_route=\/wp\/v2\/types\/post"}],"author":[{"embeddable":true,"href":"https:\/\/agromt.news\/index.php?rest_route=\/wp\/v2\/users\/1"}],"replies":[{"embeddable":true,"href":"https:\/\/agromt.news\/index.php?rest_route=%2Fwp%2Fv2%2Fcomments&post=16781"}],"version-history":[{"count":0,"href":"https:\/\/agromt.news\/index.php?rest_route=\/wp\/v2\/posts\/16781\/revisions"}],"wp:featuredmedia":[{"embeddable":true,"href":"https:\/\/agromt.news\/index.php?rest_route=\/wp\/v2\/media\/4949"}],"wp:attachment":[{"href":"https:\/\/agromt.news\/index.php?rest_route=%2Fwp%2Fv2%2Fmedia&parent=16781"}],"wp:term":[{"taxonomy":"category","embeddable":true,"href":"https:\/\/agromt.news\/index.php?rest_route=%2Fwp%2Fv2%2Fcategories&post=16781"},{"taxonomy":"post_tag","embeddable":true,"href":"https:\/\/agromt.news\/index.php?rest_route=%2Fwp%2Fv2%2Ftags&post=16781"}],"curies":[{"name":"wp","href":"https:\/\/api.w.org\/{rel}","templated":true}]}}