{"id":16779,"date":"2025-07-15T12:21:55","date_gmt":"2025-07-15T16:21:55","guid":{"rendered":"https:\/\/agromt.news\/?p=16779"},"modified":"2025-07-15T12:21:55","modified_gmt":"2025-07-15T16:21:55","slug":"incendio-em-silo-acende-alerta-sobre-seguranca","status":"publish","type":"post","link":"https:\/\/agromt.news\/?p=16779","title":{"rendered":"inc\u00eandio em silo acende alerta sobre seguran\u00e7a"},"content":{"rendered":"<p> <br \/>\n<br \/><img decoding=\"async\" src=\"https:\/\/agromt.news\/wp-content\/uploads\/2025\/07\/incendio-em-silo-acende-alerta-sobre-seguranca.jpg\" \/><\/p>\n<div>\n<h3 class=\"wp-block-heading\" id=\"h-\"\/>\n<p>Um<a href=\"https:\/\/www.canalrural.com.br\/agricultura\/bombeiros-combatem-incendio-ha-tres-dias-em-cooperativa-agricola\/\"> inc\u00eandio de grande propor\u00e7\u00e3o<\/a> atingiu, na \u00faltima sexta-feira (11), um dos silos de armazenamento de soja de uma empresa localizada \u00e0s margens da BR-116, a cerca de cinco quil\u00f4metros do centro de Arroio Grande, no sul do Rio Grande do Sul. No s\u00e1bado (12), o fogo ainda consumia a estrutura, que amea\u00e7ava desabar a qualquer momento. Apesar da gravidade, n\u00e3o houve registro de feridos. A \u00e1rea foi isolada por seguran\u00e7a e considerada de alto risco pelas equipes do Corpo de Bombeiros.<\/p>\n<ul class=\"wp-block-list\">\n<li><strong><em>Fique por dentro das novidades e not\u00edcias recentes sobre a soja! Participe da nossa comunidade atrav\u00e9s do\u00a0<a href=\"https:\/\/chat.whatsapp.com\/BmMRwA0TZ2DHGyhzoaVEWu\">link<\/a>! \ud83c\udf31<\/em><\/strong><\/li>\n<\/ul>\n<p>O combate \u00e0s chamas s\u00f3 teve avan\u00e7os ap\u00f3s os bombeiros conseguirem redirecionar as mangueiras para um segundo silo da empresa, o que possibilitou o acesso direto ao foco do inc\u00eandio. Ainda assim, a opera\u00e7\u00e3o completa exigiu a retirada de toda a soja armazenada, o que tornou o trabalho mais lento e delicado, podendo levar dias.<\/p>\n<h2 class=\"wp-block-heading\" id=\"h-riscos-em-silos-de-soja-e-armazens\">Riscos em silos de soja e armaz\u00e9ns <\/h2>\n<p>O caso acende um alerta importante sobre os riscos silenciosos que envolvem estruturas de armazenamento de gr\u00e3os, como silos e armaz\u00e9ns. Segundo Raphael Diniz, coordenador global de produtos para atmosferas explosivas na Schmersal Brasil, o maior perigo est\u00e1 no ac\u00famulo de poeira, um componente altamente inflam\u00e1vel e muitas vezes ignorado. Ele explica que uma explos\u00e3o de poeira ocorre quando cinco elementos est\u00e3o presentes: combust\u00edvel (no caso, a poeira), oxig\u00eanio, fonte de igni\u00e7\u00e3o, poeira em suspens\u00e3o (em forma de nuvem) e ambiente confinado.<\/p>\n<p>Se essa poeira estiver apenas depositada em camadas, o resultado tende a ser um princ\u00edpio de inc\u00eandio. Mas, quando est\u00e1 suspensa no ar em espa\u00e7os fechados, o risco \u00e9 de explos\u00e3o. E n\u00e3o para por a\u00ed. A primeira explos\u00e3o provoca um deslocamento de ar que levanta mais poeira, gerando explos\u00f5es secund\u00e1rias. Assim, um foco pequeno pode se transformar numa trag\u00e9dia capaz de destruir toda uma estrutura industrial.<\/p>\n<p>De acordo com Diniz, os sinais de risco geralmente passam despercebidos: ac\u00famulo vis\u00edvel de poeira, dificuldade de enxergar dentro do silo e aus\u00eancia de ventila\u00e7\u00e3o adequada. Instala\u00e7\u00f5es el\u00e9tricas e mec\u00e2nicas tamb\u00e9m precisam de aten\u00e7\u00e3o, j\u00e1 que muitas explos\u00f5es t\u00eam origem em centelhas geradas por falhas nesses sistemas.<\/p>\n<p>Ele tamb\u00e9m ressalta que silos, por defini\u00e7\u00e3o, s\u00e3o espa\u00e7os confinados e, por isso, j\u00e1 oferecem alto risco. A eles se somam fatores como soterramento por gr\u00e3os, trabalho em altura e as j\u00e1 citadas poeiras combust\u00edveis. \u00c9 um cen\u00e1rio ideal para diversos tipos de acidente, desde inc\u00eandios at\u00e9 explos\u00f5es m\u00faltiplas.<\/p>\n<p>Fatores como ventila\u00e7\u00e3o, controle de temperatura e limpeza fazem toda a diferen\u00e7a na preven\u00e7\u00e3o. A ventila\u00e7\u00e3o evita o ac\u00famulo de poeiras, a limpeza impede que elas fiquem depositadas em camadas e o controle de temperatura reduz as chances de igni\u00e7\u00e3o por superaquecimento de rolamentos ou outros componentes. A instala\u00e7\u00e3o el\u00e9trica precisa ser espec\u00edfica para \u00e1reas classificadas, obedecendo normas de seguran\u00e7a mais r\u00edgidas, com sistemas de aterramento eficazes.<\/p>\n<\/div>\n<div>\n<h2 class=\"wp-block-heading\" id=\"h-senar-na-linha-de-frente-da-protecao\">Senar na linha de frente da prote\u00e7\u00e3o <\/h2>\n<p>Mas e a preven\u00e7\u00e3o? Para Alex Sandro da Silva, supervisor de Seguran\u00e7a do Trabalho do Senar\/MT, \u00e9 a\u00ed que entra o papel fundamental da capacita\u00e7\u00e3o. O Senar, refer\u00eancia em forma\u00e7\u00e3o para o campo, atua diretamente na orienta\u00e7\u00e3o de produtores e trabalhadores sobre a correta utiliza\u00e7\u00e3o de Equipamentos de Prote\u00e7\u00e3o Individual (EPIs) e a import\u00e2ncia da seguran\u00e7a operacional.<\/p>\n<p>\u201dOs EPIs variam de acordo com o n\u00edvel de risco. Para atividades gerais em silos, s\u00e3o indicados capacete com jugular, \u00f3culos de prote\u00e7\u00e3o, protetores auriculares, luvas, botas com solado antiderrapante e respiradores PFF2 ou PFF3\u201d, comenta o especialista. Em ambientes de maior risco, como entradas em espa\u00e7os confinados, \u00e9 obrigat\u00f3rio o uso de cintos tipo paraquedista com talabarte, dispositivos de ancoragem, detectores de gases e at\u00e9 respiradores aut\u00f4nomos.<\/p>\n<p>Mesmo com todos os equipamentos dispon\u00edveis, o desafio maior continua sendo a resist\u00eancia dos pr\u00f3prios trabalhadores. Muitos alegam desconforto t\u00e9rmico, acreditam que \u201cnada vai acontecer\u201d ou dizem que o EPI atrapalha o servi\u00e7o. Para enfrentar esse comportamento, o Senar aposta em treinamentos pr\u00e1ticos e contextualizados. Mostra v\u00eddeos reais de acidentes, promove simula\u00e7\u00f5es, apresenta relatos de trabalhadores v\u00edtimas de neglig\u00eancia e at\u00e9 envolve as fam\u00edlias, criando uma rede de apoio para refor\u00e7ar o comportamento seguro.<\/p>\n<p>Al\u00e9m dos EPIs, h\u00e1 uma s\u00e9rie de medidas estruturais que devem ser adotadas. Entre elas, o Sistema de Permiss\u00e3o de Entrada (PT), que formaliza o trabalho em espa\u00e7o confinado, desde a an\u00e1lise de gases at\u00e9 o plano de resgate. Equipamentos de resgate como trip\u00e9s com guincho, ilumina\u00e7\u00e3o anti-explos\u00e3o, sistemas de ancoragem e linhas de vida, bem como sinaliza\u00e7\u00f5es obrigat\u00f3rias, tamb\u00e9m s\u00e3o fundamentais para garantir a seguran\u00e7a.<\/p>\n<p>\u201dA escolha correta dos EPIs deve levar em considera\u00e7\u00e3o a FISPQ (Ficha de Informa\u00e7\u00e3o de Seguran\u00e7a de Produto Qu\u00edmico), que orienta sobre o risco do produto armazenado e o tipo de prote\u00e7\u00e3o adequada. Todos os equipamentos devem ser certificados pelo Inmetro e utilizados conforme exigido pelas normas NR-31.13 (espa\u00e7o confinado) e NR-20 (inflam\u00e1veis e combust\u00edveis)\u201d, diz Alexandre.  Al\u00e9m disso, a capacita\u00e7\u00e3o dos trabalhadores precisa ser cont\u00ednua, indo al\u00e9m do treinamento inicial ou admissional.<\/p>\n<p>Entre os riscos mais comuns enfrentados por trabalhadores em silos, destacam-se o engolfamento (ou soterramento por gr\u00e3os), atmosferas t\u00f3xicas ou com falta de oxig\u00eanio, explos\u00f5es de poeira e quedas de grandes alturas. Cada um deles exige EPIs espec\u00edficos e, principalmente, uma cultura organizacional que priorize a vida e a preven\u00e7\u00e3o.<\/p>\n<p>Os EPIs salvam, mas sozinhos n\u00e3o bastam. \u00c9 preciso investir tamb\u00e9m em infraestrutura segura, processos bem definidos, fiscaliza\u00e7\u00e3o rigorosa e, acima de tudo, em educa\u00e7\u00e3o continuada. O inc\u00eandio em Arroio Grande poderia ter terminado de forma tr\u00e1gica e n\u00e3o terminou desta vez. Mas serve como alerta de que, no agroneg\u00f3cio, a seguran\u00e7a n\u00e3o pode ser ignorada. <\/p>\n<\/p><\/div>\n<p><br \/>\n<br \/><a href=\"https:\/\/www.canalrural.com.br\/agricultura\/projeto-soja-brasil\/risco-de-morte-e-explosoes-incendio-em-silo-acende-alerta-sobre-seguranca\/\">Source link <\/a><\/p>\n","protected":false},"excerpt":{"rendered":"<p>Um inc\u00eandio de grande propor\u00e7\u00e3o atingiu, na \u00faltima sexta-feira (11), um dos silos de armazenamento de soja de uma empresa<\/p>\n","protected":false},"author":1,"featured_media":16780,"comment_status":"open","ping_status":"open","sticky":false,"template":"","format":"standard","meta":{"_monsterinsights_skip_tracking":false,"_monsterinsights_sitenote_active":false,"_monsterinsights_sitenote_note":"","_monsterinsights_sitenote_category":0,"_uf_show_specific_survey":0,"_uf_disable_surveys":false,"footnotes":""},"categories":[1],"tags":[],"class_list":["post-16779","post","type-post","status-publish","format-standard","has-post-thumbnail","hentry","category-news"],"_links":{"self":[{"href":"https:\/\/agromt.news\/index.php?rest_route=\/wp\/v2\/posts\/16779"}],"collection":[{"href":"https:\/\/agromt.news\/index.php?rest_route=\/wp\/v2\/posts"}],"about":[{"href":"https:\/\/agromt.news\/index.php?rest_route=\/wp\/v2\/types\/post"}],"author":[{"embeddable":true,"href":"https:\/\/agromt.news\/index.php?rest_route=\/wp\/v2\/users\/1"}],"replies":[{"embeddable":true,"href":"https:\/\/agromt.news\/index.php?rest_route=%2Fwp%2Fv2%2Fcomments&post=16779"}],"version-history":[{"count":0,"href":"https:\/\/agromt.news\/index.php?rest_route=\/wp\/v2\/posts\/16779\/revisions"}],"wp:featuredmedia":[{"embeddable":true,"href":"https:\/\/agromt.news\/index.php?rest_route=\/wp\/v2\/media\/16780"}],"wp:attachment":[{"href":"https:\/\/agromt.news\/index.php?rest_route=%2Fwp%2Fv2%2Fmedia&parent=16779"}],"wp:term":[{"taxonomy":"category","embeddable":true,"href":"https:\/\/agromt.news\/index.php?rest_route=%2Fwp%2Fv2%2Fcategories&post=16779"},{"taxonomy":"post_tag","embeddable":true,"href":"https:\/\/agromt.news\/index.php?rest_route=%2Fwp%2Fv2%2Ftags&post=16779"}],"curies":[{"name":"wp","href":"https:\/\/api.w.org\/{rel}","templated":true}]}}