{"id":16778,"date":"2025-07-15T12:04:39","date_gmt":"2025-07-15T16:04:39","guid":{"rendered":"https:\/\/agromt.news\/?p=16778"},"modified":"2025-07-15T12:04:39","modified_gmt":"2025-07-15T16:04:39","slug":"corte-no-orcamento-ameaca-seguranca-alimentar","status":"publish","type":"post","link":"https:\/\/agromt.news\/?p=16778","title":{"rendered":"corte no or\u00e7amento amea\u00e7a seguran\u00e7a alimentar"},"content":{"rendered":"<p> <br \/>\n<\/p>\n<div>\n<p>Enquanto todos discutem o Plano Safra 2025\/26, uma quest\u00e3o crucial passou batida para quem vive na cidade: os cortes no or\u00e7amento do seguro rural. \u00c0 primeira vista, pode soar como mais uma burocracia governamental, mas na verdade representa uma amea\u00e7a real \u00e0 comida que chega \u00e0 nossa mesa.<\/p>\n<p>Vamos ser diretos: o seguro rural n\u00e3o \u00e9 um mimo para fazendeiros.<\/p>\n<p>\u00c9 uma necessidade b\u00e1sica num pa\u00eds como o nosso \u2013 tropical, imenso e cada vez mais sujeito a mudan\u00e7as clim\u00e1ticas extremas. Quando o produtor n\u00e3o tem essa prote\u00e7\u00e3o, ele simplesmente para de apostar. O resultado? Menos plantio, menos investimento em tecnologia, menos comida sendo produzida.<\/p>\n<p>E isso n\u00e3o fica s\u00f3 no campo. Chega direto no nosso bolso e no nosso prato. Produ\u00e7\u00e3o menor significa pre\u00e7os mais altos no supermercado e menos variedade de alimentos frescos nas prateleiras.<\/p>\n<p>Pense no <strong><a href=\"https:\/\/www.canalrural.com.br\/agricultura\/feijao\/\">feij\u00e3o<\/a><\/strong>, o fiel companheiro fiel do arroz brasileiro. \u00c9 uma cultura extremamente sens\u00edvel ao tempo: uma chuva no momento errado ou uma estiagem prolongada pode acabar com a safra inteira. Sem um seguro que d\u00ea tranquilidade, muitos produtores \u2013 principalmente os pequenos e m\u00e9dios \u2013 simplesmente desistem de plantar ou reduzem drasticamente a \u00e1rea cultivada.<\/p>\n<\/div>\n<div>\n<p>Aqui mora uma incoer\u00eancia gritante: cobramos que o agroneg\u00f3cio seja cada vez mais sustent\u00e1vel e eficiente, mas ao mesmo tempo tiramos dele as ferramentas b\u00e1sicas para lidar com os riscos clim\u00e1ticos. \u00c9 como pedir para algu\u00e9m dirigir com seguran\u00e7a, mas tirar o cinto de seguran\u00e7a do carro.<\/p>\n<p>Os cortes or\u00e7ament\u00e1rios fazem com que o programa de seguro rural fique mais restrito, mais caro e, para muitos, simplesmente inacess\u00edvel. Em vez de incentivar pr\u00e1ticas modernas de gest\u00e3o de risco, estamos fazendo o contr\u00e1rio.<\/p>\n<p>\u00c9 importante deixar claro: o seguro rural n\u00e3o \u00e9 um presente para grandes fazendeiros. \u00c9 uma pol\u00edtica p\u00fablica fundamental para garantir que tenhamos comida na mesa todos os dias.<br \/>Quando protegemos quem produz, estamos protegendo quem consome \u2013 ou seja, todos n\u00f3s.<br \/>Se realmente queremos garantir comida de qualidade e pre\u00e7os justos para as fam\u00edlias brasileiras, precisamos dar seguran\u00e7a para quem produz essa comida.<\/p>\n<p>O seguro rural deveria ser tratado como prioridade nacional, n\u00e3o como uma despesa a ser cortada quando o governo precisa apertar o cinto.<\/p>\n<p>No final das contas, estamos falando do b\u00e1sico: garantir que o Brasil continue alimentando seus cidad\u00e3os com dignidade e seguran\u00e7a.<\/p>\n<div class=\"wp-block-media-text is-stacked-on-mobile\">\n<figure class=\"wp-block-media-text__media\"><img fetchpriority=\"high\" decoding=\"async\" width=\"346\" height=\"278\" alt=\"\" class=\"wp-image-4103453 size-full\"  data-lazy- src=\"https:\/\/agromt.news\/wp-content\/uploads\/2025\/06\/Brasil-bate-recorde-nas-exportacoes-e-conquista-premio-por-sustentabilidade.jpeg\"\/><img decoding=\"async\" width=\"346\" height=\"278\" src=\"https:\/\/agromt.news\/wp-content\/uploads\/2025\/06\/Brasil-bate-recorde-nas-exportacoes-e-conquista-premio-por-sustentabilidade.jpeg\" alt=\"\" class=\"wp-image-4103453 size-full\"  \/><\/figure>\n<div class=\"wp-block-media-text__content\">\n<p><em>*<strong>Marcelo L\u00fcders<\/strong> \u00e9 presidente do Instituto Brasileiro do Feij\u00e3o e Pulses (Ibrafe), e atua na promo\u00e7\u00e3o do feij\u00e3o brasileiro no mercado interno e internacional<\/em><\/p>\n<\/div>\n<\/div>\n<hr class=\"wp-block-separator has-alpha-channel-opacity\"\/>\n<p><em>O\u00a0<strong>Canal Rural<\/strong>\u00a0n\u00e3o se responsabiliza pelas opini\u00f5es e conceitos emitidos nos textos desta sess\u00e3o, sendo os conte\u00fados de inteira responsabilidade de seus autores. A empresa se reserva o direito de fazer ajustes no texto para adequa\u00e7\u00e3o \u00e0s normas de publica\u00e7\u00e3o.<\/em><\/p>\n<\/p><\/div>\n<p><br \/>\n<br \/><a href=\"https:\/\/www.canalrural.com.br\/opiniao-noticias\/seguro-rural-sustentabilidade-corte-no-orcamento-seguranca-alimentar\/\">Source link <\/a><\/p>\n","protected":false},"excerpt":{"rendered":"<p>Enquanto todos discutem o Plano Safra 2025\/26, uma quest\u00e3o crucial passou batida para quem vive na cidade: os cortes no<\/p>\n","protected":false},"author":1,"featured_media":13274,"comment_status":"open","ping_status":"open","sticky":false,"template":"","format":"standard","meta":{"_monsterinsights_skip_tracking":false,"_monsterinsights_sitenote_active":false,"_monsterinsights_sitenote_note":"","_monsterinsights_sitenote_category":0,"_uf_show_specific_survey":0,"_uf_disable_surveys":false,"footnotes":""},"categories":[1],"tags":[],"class_list":["post-16778","post","type-post","status-publish","format-standard","has-post-thumbnail","hentry","category-news"],"_links":{"self":[{"href":"https:\/\/agromt.news\/index.php?rest_route=\/wp\/v2\/posts\/16778"}],"collection":[{"href":"https:\/\/agromt.news\/index.php?rest_route=\/wp\/v2\/posts"}],"about":[{"href":"https:\/\/agromt.news\/index.php?rest_route=\/wp\/v2\/types\/post"}],"author":[{"embeddable":true,"href":"https:\/\/agromt.news\/index.php?rest_route=\/wp\/v2\/users\/1"}],"replies":[{"embeddable":true,"href":"https:\/\/agromt.news\/index.php?rest_route=%2Fwp%2Fv2%2Fcomments&post=16778"}],"version-history":[{"count":0,"href":"https:\/\/agromt.news\/index.php?rest_route=\/wp\/v2\/posts\/16778\/revisions"}],"wp:featuredmedia":[{"embeddable":true,"href":"https:\/\/agromt.news\/index.php?rest_route=\/wp\/v2\/media\/13274"}],"wp:attachment":[{"href":"https:\/\/agromt.news\/index.php?rest_route=%2Fwp%2Fv2%2Fmedia&parent=16778"}],"wp:term":[{"taxonomy":"category","embeddable":true,"href":"https:\/\/agromt.news\/index.php?rest_route=%2Fwp%2Fv2%2Fcategories&post=16778"},{"taxonomy":"post_tag","embeddable":true,"href":"https:\/\/agromt.news\/index.php?rest_route=%2Fwp%2Fv2%2Ftags&post=16778"}],"curies":[{"name":"wp","href":"https:\/\/api.w.org\/{rel}","templated":true}]}}