{"id":16776,"date":"2025-07-15T11:50:55","date_gmt":"2025-07-15T15:50:55","guid":{"rendered":"https:\/\/agromt.news\/?p=16776"},"modified":"2025-07-15T11:50:55","modified_gmt":"2025-07-15T15:50:55","slug":"oferta-maior-reforca-queda-nas-cotacoes","status":"publish","type":"post","link":"https:\/\/agromt.news\/?p=16776","title":{"rendered":"oferta maior refor\u00e7a queda nas cota\u00e7\u00f5es"},"content":{"rendered":"<p> <br \/>\n<br \/><img decoding=\"async\" src=\"https:\/\/agromt.news\/wp-content\/uploads\/2025\/07\/oferta-maior-reforca-queda-nas-cotacoes.jpg\" \/><\/p>\n<div>\n<p>Os pre\u00e7os da batata tipo \u00e1gata especial est\u00e3o em queda nos mercados atacadistas desde meados de junho, conforme aponta levantamento da Equipe de <a href=\"https:\/\/www.canalrural.com.br\/tag\/cepea\/\">Hortifr\u00fati do Cepea<\/a>.\u00a0<\/p>\n<p>Na semana passada (de 7 a 11 de julho), o movimento de baixa foi acentuado. Segundo pesquisadores do instituto isso acontece porque a regi\u00e3o de Vargem Grande do Sul (SP) come\u00e7ou a ofertar o tub\u00e9rculo, o que acabou intensificando a disponibilidade no mercado dom\u00e9stico.\u00a0<\/p>\n<p>Al\u00e9m de Vargem Grande do Sul, o Sudoeste Paulista segue em ritmo forte de colheita. Atacadistas declaram tamb\u00e9m que h\u00e1 bastante batata entrando do Sul e Cerrado Mineiro, al\u00e9m de Cristalina (GO).\u00a0<\/p>\n<\/div>\n<div>\n<p>Assim, na semana passada , dados do Cepea mostram que as cota\u00e7\u00f5es da batata tipo \u00e1gata especial tiveram m\u00e9dias de R$ 42\/saco de 25 kg no atacado de S\u00e3o Paulo. O valor representa forte baixa de 20,4% frente \u00e0 do per\u00edodo anterior.\u00a0<\/p>\n<p>No atacado de Belo Horizonte (MG), a m\u00e9dia de negocia\u00e7\u00e3o foi de R$ 39\/sc, recuo de 23%, e no do Rio de Janeiro, de R$ 41\/sc, baixa de 20,4%. Para as pr\u00f3ximas semanas, a tend\u00eancia \u00e9 de que a oferta siga avan\u00e7ando, j\u00e1 que o pico da safra de inverno ocorrer\u00e1 somente entre agosto e setembro.<\/p>\n<p><em>*Sob supervis\u00e3o de Luis Roberto Toledo<\/em><\/p>\n<\/p><\/div>\n<p><br \/>\n<br \/><a href=\"https:\/\/www.canalrural.com.br\/agricultura\/batata-oferta-maior-reforca-queda-nas-cotacoes\/\">Source link <\/a><\/p>\n","protected":false},"excerpt":{"rendered":"<p>Os pre\u00e7os da batata tipo \u00e1gata especial est\u00e3o em queda nos mercados atacadistas desde meados de junho, conforme aponta levantamento<\/p>\n","protected":false},"author":1,"featured_media":16777,"comment_status":"open","ping_status":"open","sticky":false,"template":"","format":"standard","meta":{"_monsterinsights_skip_tracking":false,"_monsterinsights_sitenote_active":false,"_monsterinsights_sitenote_note":"","_monsterinsights_sitenote_category":0,"_uf_show_specific_survey":0,"_uf_disable_surveys":false,"footnotes":""},"categories":[1],"tags":[],"class_list":["post-16776","post","type-post","status-publish","format-standard","has-post-thumbnail","hentry","category-news"],"_links":{"self":[{"href":"https:\/\/agromt.news\/index.php?rest_route=\/wp\/v2\/posts\/16776"}],"collection":[{"href":"https:\/\/agromt.news\/index.php?rest_route=\/wp\/v2\/posts"}],"about":[{"href":"https:\/\/agromt.news\/index.php?rest_route=\/wp\/v2\/types\/post"}],"author":[{"embeddable":true,"href":"https:\/\/agromt.news\/index.php?rest_route=\/wp\/v2\/users\/1"}],"replies":[{"embeddable":true,"href":"https:\/\/agromt.news\/index.php?rest_route=%2Fwp%2Fv2%2Fcomments&post=16776"}],"version-history":[{"count":0,"href":"https:\/\/agromt.news\/index.php?rest_route=\/wp\/v2\/posts\/16776\/revisions"}],"wp:featuredmedia":[{"embeddable":true,"href":"https:\/\/agromt.news\/index.php?rest_route=\/wp\/v2\/media\/16777"}],"wp:attachment":[{"href":"https:\/\/agromt.news\/index.php?rest_route=%2Fwp%2Fv2%2Fmedia&parent=16776"}],"wp:term":[{"taxonomy":"category","embeddable":true,"href":"https:\/\/agromt.news\/index.php?rest_route=%2Fwp%2Fv2%2Fcategories&post=16776"},{"taxonomy":"post_tag","embeddable":true,"href":"https:\/\/agromt.news\/index.php?rest_route=%2Fwp%2Fv2%2Ftags&post=16776"}],"curies":[{"name":"wp","href":"https:\/\/api.w.org\/{rel}","templated":true}]}}