{"id":16775,"date":"2025-07-15T11:33:16","date_gmt":"2025-07-15T15:33:16","guid":{"rendered":"https:\/\/agromt.news\/?p=16775"},"modified":"2025-07-15T11:33:16","modified_gmt":"2025-07-15T15:33:16","slug":"producao-e-baixa-no-brasil-mas-cotacoes-seguem-em-queda","status":"publish","type":"post","link":"https:\/\/agromt.news\/?p=16775","title":{"rendered":"produ\u00e7\u00e3o \u00e9 baixa no Brasil, mas cota\u00e7\u00f5es seguem em queda"},"content":{"rendered":"<p> <br \/>\n<br \/><img decoding=\"async\" src=\"https:\/\/agromt.news\/wp-content\/uploads\/2024\/10\/volume-exportado-da-Argentina-pode-ser-2o-maior-ja-registrado.jpg\" \/><\/p>\n<div>\n<p>A safra mundial de trigo segue em bom ritmo, e a expectativa \u00e9 de que a produ\u00e7\u00e3o atinja novo recorde na temporada 2025\/26. \u00c9 isso que apontam os levantamentos do <a href=\"https:\/\/www.canalrural.com.br\/tag\/cepea\/\">Centro de Estudos Avan\u00e7ados em Economia Aplicada (Cepea)<\/a>.\u00a0<\/p>\n<p>J\u00e1 no Brasil, a produ\u00e7\u00e3o do cereal deve diminuir. Em relat\u00f3rio divulgado neste m\u00eas, a Conab aponta a produ\u00e7\u00e3o nacional em 7,81 milh\u00f5es de toneladas. O valor \u00e9 4,6% menor que a estimativa de junho, passando a representar uma queda de 0,9% em rela\u00e7\u00e3o \u00e0 safra passada (7,89 milh\u00f5es de toneladas).\u00a0<\/p>\n<\/div>\n<div>\n<p>Isso \u00e9 o resultado da expressiva diminui\u00e7\u00e3o de 16,5% na \u00e1rea destinada \u00e0 cultura, que passou para 2,55 milh\u00f5es de hectares. Segundo pesquisadores do Cepea, esse contexto exigir\u00e1 crescimento nas importa\u00e7\u00f5es entre agosto de 2025 e julho de 2026.\u00a0<\/p>\n<p>Mesmo neste ambiente o levantamento do Cepea mostra que os pre\u00e7os dom\u00e9sticos do trigo em gr\u00e3o seguem em queda. A press\u00e3o vem das desvaloriza\u00e7\u00f5es externas e do d\u00f3lar.<\/p>\n<p><em>*Sob supervis\u00e3o de Luis Roberto Toledo<\/em><\/p>\n<\/p><\/div>\n<p><br \/>\n<br \/><a href=\"https:\/\/www.canalrural.com.br\/agricultura\/trigo-producao-e-baixa-no-brasil-mas-cotacoes-seguem-em-queda\/\">Source link <\/a><\/p>\n","protected":false},"excerpt":{"rendered":"<p>A safra mundial de trigo segue em bom ritmo, e a expectativa \u00e9 de que a produ\u00e7\u00e3o atinja novo recorde<\/p>\n","protected":false},"author":1,"featured_media":4109,"comment_status":"open","ping_status":"open","sticky":false,"template":"","format":"standard","meta":{"_monsterinsights_skip_tracking":false,"_monsterinsights_sitenote_active":false,"_monsterinsights_sitenote_note":"","_monsterinsights_sitenote_category":0,"_uf_show_specific_survey":0,"_uf_disable_surveys":false,"footnotes":""},"categories":[1],"tags":[],"class_list":["post-16775","post","type-post","status-publish","format-standard","has-post-thumbnail","hentry","category-news"],"_links":{"self":[{"href":"https:\/\/agromt.news\/index.php?rest_route=\/wp\/v2\/posts\/16775"}],"collection":[{"href":"https:\/\/agromt.news\/index.php?rest_route=\/wp\/v2\/posts"}],"about":[{"href":"https:\/\/agromt.news\/index.php?rest_route=\/wp\/v2\/types\/post"}],"author":[{"embeddable":true,"href":"https:\/\/agromt.news\/index.php?rest_route=\/wp\/v2\/users\/1"}],"replies":[{"embeddable":true,"href":"https:\/\/agromt.news\/index.php?rest_route=%2Fwp%2Fv2%2Fcomments&post=16775"}],"version-history":[{"count":0,"href":"https:\/\/agromt.news\/index.php?rest_route=\/wp\/v2\/posts\/16775\/revisions"}],"wp:featuredmedia":[{"embeddable":true,"href":"https:\/\/agromt.news\/index.php?rest_route=\/wp\/v2\/media\/4109"}],"wp:attachment":[{"href":"https:\/\/agromt.news\/index.php?rest_route=%2Fwp%2Fv2%2Fmedia&parent=16775"}],"wp:term":[{"taxonomy":"category","embeddable":true,"href":"https:\/\/agromt.news\/index.php?rest_route=%2Fwp%2Fv2%2Fcategories&post=16775"},{"taxonomy":"post_tag","embeddable":true,"href":"https:\/\/agromt.news\/index.php?rest_route=%2Fwp%2Fv2%2Ftags&post=16775"}],"curies":[{"name":"wp","href":"https:\/\/api.w.org\/{rel}","templated":true}]}}