{"id":16774,"date":"2025-07-15T11:18:52","date_gmt":"2025-07-15T15:18:52","guid":{"rendered":"https:\/\/agromt.news\/?p=16774"},"modified":"2025-07-15T11:18:52","modified_gmt":"2025-07-15T15:18:52","slug":"governo-federal-publica-decreto-regulamentando-lei-de-reciprocidade-comercial","status":"publish","type":"post","link":"https:\/\/agromt.news\/?p=16774","title":{"rendered":"Governo federal publica decreto regulamentando Lei de Reciprocidade Comercial"},"content":{"rendered":"<p> <br \/>\n<\/p>\n<div>\n<p>O decreto assinado pelo presidente Luiz In\u00e1cio Lula da Silva, regulamentando a <a href=\"https:\/\/www.canalrural.com.br\/economia\/brasil-respondera-tarifaco-de-trump-com-lei-de-reciprocidade-diz-lula\/\">Lei de Reciprocidade Comercial<\/a>, foi publicado no Di\u00e1rio Oficial desta ter\u00e7a-feira (15). A norma autoriza o governo brasileiro a suspender concess\u00f5es comerciais, de investimentos e de obriga\u00e7\u00f5es a pa\u00edses que imponham barreiras unilaterais aos produtos do Brasil no mercado global.<img decoding=\"async\" src=\"https:\/\/agromt.news\/wp-content\/uploads\/2025\/07\/Governo-federal-publica-decreto-regulamentando-Lei-de-Reciprocidade-Comercial.png\"\/><img decoding=\"async\" src=\"https:\/\/agromt.news\/wp-content\/uploads\/2025\/07\/Governo-federal-publica-decreto-regulamentando-Lei-de-Reciprocidade-Comercial.png\"\/><img decoding=\"async\" src=\"https:\/\/agromt.news\/wp-content\/uploads\/2025\/07\/Governo-federal-publica-decreto-regulamentando-Lei-de-Reciprocidade-Comercial.gif\"\/><img decoding=\"async\" src=\"https:\/\/agromt.news\/wp-content\/uploads\/2025\/07\/Governo-federal-publica-decreto-regulamentando-Lei-de-Reciprocidade-Comercial.gif\"\/><\/p>\n<p>O decreto cria o <a href=\"https:\/\/www.canalrural.com.br\/economia\/governo-se-reune-com-empresas-do-agro-nesta-terca-para-discutir-tarifaco-de-trump\/\">Comit\u00ea Interministerial de Negocia\u00e7\u00e3o e Contramedidas Econ\u00f4micas e Comerciais<\/a>. Esse comit\u00ea ser\u00e1 o respons\u00e1vel por decidir sobre a aplica\u00e7\u00e3o das provid\u00eancias comerciais em resposta \u00e0s medidas unilaterais de outros pa\u00edses.<\/p>\n<p>A edi\u00e7\u00e3o do decreto ocorre dias ap\u00f3s o governo dos <a href=\"https:\/\/www.canalrural.com.br\/nacional\/trump-anuncia-tarifa-de-50-para-produtos-do-brasil\/\">Estados Unidos anunciar a imposi\u00e7\u00e3o de tarifa de 50% sobre todas as exporta\u00e7\u00f5es brasileiras para aquele pa\u00eds<\/a>. Segundo o presidente norte-americano Donald Trump, a nova tarifa passar\u00e1 a valer a partir de 1\u00ba de agosto.<\/p>\n<p>O Comit\u00ea Interministerial ser\u00e1 composto pelos ministros do Desenvolvimento, Ind\u00fastria, Com\u00e9rcio e Servi\u00e7os (MDIC), que o presidir\u00e1, da Casa Civil da Presid\u00eancia, da Fazenda e das Rela\u00e7\u00f5es Exteriores. A Secretaria-Executiva do Comit\u00ea ser\u00e1 exercida pela Secretaria-Executiva do MDIC. Outros ministros podem participar das reuni\u00f5es de acordo com os temas tratados.<\/p>\n<p>As contramedidas a serem decididas pelo comit\u00ea ter\u00e3o car\u00e1ter de excepcionalidade e rito mais c\u00e9lere e podem ser aplicadas a pa\u00edses ou blocos de pa\u00edses que:<\/p>\n<\/div>\n<div>\n<ul class=\"wp-block-list\">\n<li>Interfiram nas escolhas leg\u00edtimas e soberanas do Brasil, procurando impedir ou obter a cessa\u00e7\u00e3o, a modifica\u00e7\u00e3o ou a ado\u00e7\u00e3o de ato espec\u00edfico ou de pr\u00e1ticas no Brasil, por meio da aplica\u00e7\u00e3o ou da amea\u00e7a de aplica\u00e7\u00e3o unilateral de medidas comerciais, financeiras ou de investimentos.<\/li>\n<li>Violem ou sejam inconsistentes com as disposi\u00e7\u00f5es de acordos comerciais ou, de outra forma, neguem, anulem ou prejudiquem benef\u00edcios ao Brasil sob qualquer acordo comercial<\/li>\n<li>Configurem medidas unilaterais com base em requisitos ambientais que sejam mais onerosos do que os par\u00e2metros, as normas e os padr\u00f5es de prote\u00e7\u00e3o ambiental adotados pelo Brasil.<\/li>\n<\/ul>\n<h2 class=\"wp-block-heading\" id=\"h-lei-de-reciprocidade\">Lei de Reciprocidade<\/h2>\n<p>Aprovada em mar\u00e7o pelo Congresso Nacional e sancionada em abril, a nova lei\u00a0justamente uma resposta \u00e0 escalada da guerra comercial desencadeada por Donald Trump contra dezenas de pa\u00edses.<\/p>\n<p>No caso do Brasil, a tarifa inicialmente imposta pelos EUA foi de 10% sobre todos os produtos exportados para o mercado norte-americano. A exce\u00e7\u00e3o nessa margem de tarifas s\u00e3o o a\u00e7o e o alum\u00ednio, cuja sobretaxa imposta pelos norte-americanos est\u00e1 em 25%, afetando de forma significativa empresas brasileiras, que constituem os terceiros maiores exportadores desses metais para os norte-americanos.<\/p>\n<p>A Lei da Reciprocidade Comercial estabelece crit\u00e9rios para respostas a a\u00e7\u00f5es, pol\u00edticas ou pr\u00e1ticas unilaterais de pa\u00eds ou bloco econ\u00f4mico que \u201cimpactem negativamente a competitividade internacional brasileira\u201d.<\/p>\n<p>A norma valer\u00e1 para pa\u00edses ou blocos que \u201cinterfiram nas escolhas leg\u00edtimas e soberanas do Brasil\u201d.<\/p>\n<p>No Artigo 3\u00ba do texto, por exemplo, fica autorizado o Conselho Estrat\u00e9gico da C\u00e2mara de Com\u00e9rcio Exterior (Camex), ligado ao Executivo, a \u201cadotar contramedidas na forma de restri\u00e7\u00e3o \u00e0s importa\u00e7\u00f5es de bens e servi\u00e7os\u201d, prevendo ainda medidas de negocia\u00e7\u00e3o entre as partes antes de qualquer decis\u00e3o.<\/p>\n<\/p><\/div>\n<p><br \/>\n<br \/><a href=\"https:\/\/www.canalrural.com.br\/economia\/governo-federal-publica-decreto-regulamentando-lei-de-reciprocidade-comercial\/\">Source link <\/a><\/p>\n","protected":false},"excerpt":{"rendered":"<p>O decreto assinado pelo presidente Luiz In\u00e1cio Lula da Silva, regulamentando a Lei de Reciprocidade Comercial, foi publicado no Di\u00e1rio<\/p>\n","protected":false},"author":1,"featured_media":2547,"comment_status":"open","ping_status":"open","sticky":false,"template":"","format":"standard","meta":{"_monsterinsights_skip_tracking":false,"_monsterinsights_sitenote_active":false,"_monsterinsights_sitenote_note":"","_monsterinsights_sitenote_category":0,"_uf_show_specific_survey":0,"_uf_disable_surveys":false,"footnotes":""},"categories":[1],"tags":[],"class_list":["post-16774","post","type-post","status-publish","format-standard","has-post-thumbnail","hentry","category-news"],"_links":{"self":[{"href":"https:\/\/agromt.news\/index.php?rest_route=\/wp\/v2\/posts\/16774"}],"collection":[{"href":"https:\/\/agromt.news\/index.php?rest_route=\/wp\/v2\/posts"}],"about":[{"href":"https:\/\/agromt.news\/index.php?rest_route=\/wp\/v2\/types\/post"}],"author":[{"embeddable":true,"href":"https:\/\/agromt.news\/index.php?rest_route=\/wp\/v2\/users\/1"}],"replies":[{"embeddable":true,"href":"https:\/\/agromt.news\/index.php?rest_route=%2Fwp%2Fv2%2Fcomments&post=16774"}],"version-history":[{"count":0,"href":"https:\/\/agromt.news\/index.php?rest_route=\/wp\/v2\/posts\/16774\/revisions"}],"wp:featuredmedia":[{"embeddable":true,"href":"https:\/\/agromt.news\/index.php?rest_route=\/wp\/v2\/media\/2547"}],"wp:attachment":[{"href":"https:\/\/agromt.news\/index.php?rest_route=%2Fwp%2Fv2%2Fmedia&parent=16774"}],"wp:term":[{"taxonomy":"category","embeddable":true,"href":"https:\/\/agromt.news\/index.php?rest_route=%2Fwp%2Fv2%2Fcategories&post=16774"},{"taxonomy":"post_tag","embeddable":true,"href":"https:\/\/agromt.news\/index.php?rest_route=%2Fwp%2Fv2%2Ftags&post=16774"}],"curies":[{"name":"wp","href":"https:\/\/api.w.org\/{rel}","templated":true}]}}