{"id":16770,"date":"2025-07-15T10:31:29","date_gmt":"2025-07-15T14:31:29","guid":{"rendered":"https:\/\/agromt.news\/?p=16770"},"modified":"2025-07-15T10:31:29","modified_gmt":"2025-07-15T14:31:29","slug":"pgr-pede-condenacao-de-bolsonaro-e-mais-7-reus","status":"publish","type":"post","link":"https:\/\/agromt.news\/?p=16770","title":{"rendered":"PGR pede condena\u00e7\u00e3o de Bolsonaro e mais 7 r\u00e9us"},"content":{"rendered":"<p> <br \/>\n<br \/><img decoding=\"async\" src=\"https:\/\/agromt.news\/wp-content\/uploads\/2025\/04\/Bolsonaro-tem-boa-evolucao-e-esta-sem-dor-diz-boletim.j.jpeg\" \/><\/p>\n<div>\n<p>A Procuradoria-Geral da Rep\u00fablica (PGR) pediu nesta segunda-feira (14) ao Supremo Tribunal Federal (STF) a condena\u00e7\u00e3o do ex-presidente Jair Bolsonaro e de mais sete r\u00e9us do n\u00facleo 1 da trama golpista.<\/p>\n<p>A manifesta\u00e7\u00e3o foi enviada ao ministro Alexandre de Moraes, por volta das 23h45, e faz parte das alega\u00e7\u00f5es finais, a \u00faltima fase antes do julgamento dos acusados, que deve ocorrer em setembro deste ano.<\/p>\n<p>No documento, que tem 517 p\u00e1ginas, o procurador-geral, Paulo Gonet, defende que Bolsonaro e os demais r\u00e9us sejam condenados pelos crimes de organiza\u00e7\u00e3o criminosa armada, tentativa de aboli\u00e7\u00e3o violenta do Estado Democr\u00e1tico de Direito, golpe de Estado, dano qualificado pela viol\u00eancia e grave amea\u00e7a e deteriora\u00e7\u00e3o de patrim\u00f4nio tombado.<\/p>\n<p>As penas m\u00e1ximas para os crimes passam de 30 anos de pris\u00e3o.<\/p>\n<p>Al\u00e9m de Bolsonaro, a PGR pediu a condena\u00e7\u00e3o dos seguintes r\u00e9us:<\/p>\n<ul class=\"wp-block-list\">\n<li>Walter Braga Netto, general de Ex\u00e9rcito, ex-ministro e vice de Bolsonaro na chapa das elei\u00e7\u00f5es de 2022;<\/li>\n<li>General Augusto Heleno, ex-ministro do Gabinete de Seguran\u00e7a Institucional;<\/li>\n<li>Alexandre Ramagem, ex-diretor da Ag\u00eancia Brasileira de Intelig\u00eancia \u2013 Abin;<\/li>\n<li>Anderson Torres, ex-ministro da Justi\u00e7a e ex-secret\u00e1rio de seguran\u00e7a do Distrito Federal;<\/li>\n<li>Almir Garnier, ex-comandante da Marinha;<\/li>\n<li>Paulo S\u00e9rgio Nogueira, general do Ex\u00e9rcito e ex-ministro da Defesa;<\/li>\n<li>Mauro Cid, delator e ex-ajudante de ordens de Bolsonaro<\/li>\n<\/ul>\n<p>Em caso de condena\u00e7\u00e3o, Cid dever\u00e1 ter a pena suspensa devido ao acordo de dela\u00e7\u00e3o premiada assinado com a Policia Federal (PF) durante as investiga\u00e7\u00f5es.<\/p>\n<\/div>\n<div>\n<h2 class=\"wp-block-heading\" id=\"h-bolsonaro\">Bolsonaro<br \/><\/h2>\n<p>Na manifesta\u00e7\u00e3o, o procurador-geral descreveu o papel do ex-presidente Jair Bolsonaro na trama golpista.<\/p>\n<p>Segundo ele, Bolsonaro figura como l\u00edder da organiza\u00e7\u00e3o criminosa e foi o \u201cprincipal articulador e maior benefici\u00e1rio\u201d das a\u00e7\u00f5es para tentar implantar um golpe de Estado no pa\u00eds em 2022.<\/p>\n<p><em>Veja em primeira m\u00e3o tudo sobre agricultura, pecu\u00e1ria, economia e previs\u00e3o do tempo:<\/em><a href=\"https:\/\/news.google.com\/publications\/CAAqBwgKMPKZlQswq_mqAw?hl=pt-BR&amp;gl=BR&amp;ceid=BR%3Apt-419\"><em>\u00a0<\/em><strong><em>siga o Canal Rural no Google News!<\/em><\/strong><\/a><\/p>\n<p>Nas palavras de Gonet, o ex-presidente instrumentalizou o aparato estatal e operou em \u201cesquema persistente\u201d de ataque \u00e0s institui\u00e7\u00f5es p\u00fablicas e ao processo sucess\u00f3rio ap\u00f3s o resultado das elei\u00e7\u00f5es presidenciais.<\/p>\n<p>\u201cCom o apoio de membros do alto escal\u00e3o do governo e de setores estrat\u00e9gicos das For\u00e7as Armadas, mobilizou sistematicamente agentes, recursos e compet\u00eancias estatais, \u00e0 revelia do interesse p\u00fablico, para propagar narrativas inver\u00eddicas, provocar a instabilidade social e defender medidas autorit\u00e1rias\u201d, disse o procurador.<\/p>\n<h2 class=\"wp-block-heading\" id=\"h-proximos-passos\">Pr\u00f3ximos passos<br \/><\/h2>\n<ul class=\"wp-block-list\">\n<li>Com a apresenta\u00e7\u00e3o da manifesta\u00e7\u00e3o da PGR, come\u00e7a a contar o prazo de 15 dias para que a defesa de Mauro Cid, delator na investiga\u00e7\u00e3o, apresente suas alega\u00e7\u00f5es finais ao STF.<\/li>\n<li>Em seguida, ser\u00e1 a vez das defesas dos r\u00e9us apresentarem suas alega\u00e7\u00f5es no mesmo prazo.<\/li>\n<li>Ap\u00f3s receber todas as manifesta\u00e7\u00f5es, a data do julgamento ser\u00e1 marcada pela Primeira Turma da Corte.<\/li>\n<li>Nos bastidores do STF, a expectativa \u00e9 de que o julgamento seja realizado em setembro deste ano.<\/li>\n<\/ul><\/div>\n<p><br \/>\n<br \/><a href=\"https:\/\/www.canalrural.com.br\/nacional\/pgr-pede-condenacao-de-bolsonaro-e-mais-7-reus\/\">Source link <\/a><\/p>\n","protected":false},"excerpt":{"rendered":"<p>A Procuradoria-Geral da Rep\u00fablica (PGR) pediu nesta segunda-feira (14) ao Supremo Tribunal Federal (STF) a condena\u00e7\u00e3o do ex-presidente Jair Bolsonaro<\/p>\n","protected":false},"author":1,"featured_media":12486,"comment_status":"open","ping_status":"open","sticky":false,"template":"","format":"standard","meta":{"_monsterinsights_skip_tracking":false,"_monsterinsights_sitenote_active":false,"_monsterinsights_sitenote_note":"","_monsterinsights_sitenote_category":0,"_uf_show_specific_survey":0,"_uf_disable_surveys":false,"footnotes":""},"categories":[1],"tags":[],"class_list":["post-16770","post","type-post","status-publish","format-standard","has-post-thumbnail","hentry","category-news"],"_links":{"self":[{"href":"https:\/\/agromt.news\/index.php?rest_route=\/wp\/v2\/posts\/16770"}],"collection":[{"href":"https:\/\/agromt.news\/index.php?rest_route=\/wp\/v2\/posts"}],"about":[{"href":"https:\/\/agromt.news\/index.php?rest_route=\/wp\/v2\/types\/post"}],"author":[{"embeddable":true,"href":"https:\/\/agromt.news\/index.php?rest_route=\/wp\/v2\/users\/1"}],"replies":[{"embeddable":true,"href":"https:\/\/agromt.news\/index.php?rest_route=%2Fwp%2Fv2%2Fcomments&post=16770"}],"version-history":[{"count":0,"href":"https:\/\/agromt.news\/index.php?rest_route=\/wp\/v2\/posts\/16770\/revisions"}],"wp:featuredmedia":[{"embeddable":true,"href":"https:\/\/agromt.news\/index.php?rest_route=\/wp\/v2\/media\/12486"}],"wp:attachment":[{"href":"https:\/\/agromt.news\/index.php?rest_route=%2Fwp%2Fv2%2Fmedia&parent=16770"}],"wp:term":[{"taxonomy":"category","embeddable":true,"href":"https:\/\/agromt.news\/index.php?rest_route=%2Fwp%2Fv2%2Fcategories&post=16770"},{"taxonomy":"post_tag","embeddable":true,"href":"https:\/\/agromt.news\/index.php?rest_route=%2Fwp%2Fv2%2Ftags&post=16770"}],"curies":[{"name":"wp","href":"https:\/\/api.w.org\/{rel}","templated":true}]}}