{"id":16765,"date":"2025-07-15T09:27:07","date_gmt":"2025-07-15T13:27:07","guid":{"rendered":"https:\/\/agromt.news\/?p=16765"},"modified":"2025-07-15T09:27:07","modified_gmt":"2025-07-15T13:27:07","slug":"terca-deve-ser-sem-chuva-na-maior-parte-do-pais-e-com-elevacao-das-temperaturas","status":"publish","type":"post","link":"https:\/\/agromt.news\/?p=16765","title":{"rendered":"Ter\u00e7a deve ser sem chuva na maior parte do pa\u00eds e com eleva\u00e7\u00e3o das temperaturas"},"content":{"rendered":"<p> <br \/>\n<br \/><img decoding=\"async\" src=\"https:\/\/agromt.news\/wp-content\/uploads\/2024\/10\/tempo-inmet-chuva-previsao-sol-calor.jpg\" \/><\/p>\n<div>\n<p>Chuva continua concentrada sobre a costa leste e norte do Brasil ,com risco ainda alto para pancadas fortes em Ilh\u00e9us (BA) e Salvador(BA). Tamb\u00e9m h\u00e1 probabilidade de chuva forte no norte e noroeste do Amazonas e no estado de Roraima, com alerta de temporal em Boa Vista.<\/p>\n<p>Pela presen\u00e7a ainda de muita infiltra\u00e7\u00e3o mar\u00edtima, as capitais Aracaju (SE) e Macei\u00f3 (AL) podem receber chuva moderada a forte \u2013 intercalando per\u00edodos em que o sol aparece entre nuvens e o ar permanece abafado, e maior chance de temporal em Recife (PE), Jo\u00e3o Pessoa (PB) e Natal (RN).<\/p>\n<p>N\u00e3o chove em todo o interior da Regi\u00e3o Nordeste e o ar continua seco desde o sul do Cear\u00e1 at\u00e9 o oeste da Bahia. A faixa sul da Regi\u00e3o Norte deve seguir mais ensolarada e com padr\u00e3o de tempo mais firme.<\/p>\n<p>Grande parte do Brasil ainda sem previs\u00e3o de chuva. Amanhecer com temperaturas mais amenas no Sul e no Sudeste, possibilidade para nevoeiro, inclusive em Porto Alegre, Curitiba, S\u00e3o Paulo e Rio de Janeiro pela manh\u00e3.<\/p>\n<p>Sem chuva nas capitais do Sul, Sudeste e Centro-Oeste, tarde de ter\u00e7a bem ensolarada em Bras\u00edlia, Cuiab\u00e1 e Campo Grande \u2013 risco ainda elevado para queimadas em toda a Regi\u00e3o e umidade em alerta com valores abaixo de 20% na metade norte do Mato Grosso do Sul e no sul de Mator Grosso . Interior de SP, Tri\u00e2ngulo, centro e norte de Minas com valores abaixo de 30%. Apesar do amanhecer um pouco mais frio, as temperaturas sobem na cidade de SP e no Rio durante a tarde, ficando mais agrad\u00e1vel.<\/p>\n<p>Sul<\/p>\n<p>Quarta: Avan\u00e7o de uma nova frente fria deve favorecer o retorno das instabilidades sobre o RS. Ainda cedo, haver\u00e1 condi\u00e7\u00f5es para pancadas de chuva com moderada a eventual forte intensidade \u2013 seguidas por raios e ventos. SC e PR seguem com dia marcado pelo predom\u00ednio de tempo est\u00e1vel. Entre norte e noroeste do PR, alerta para baixa umidade do ar \u00e0 tarde.<\/p>\n<p>Quinta: Forma\u00e7\u00e3o de uma \u00e1rea de baixa press\u00e3o pr\u00f3ximo \u00e0 regi\u00e3o deve refor\u00e7ar as instabilidades sobre o estado ga\u00facho ao longo do dia \u2013 com in\u00edcio ainda no per\u00edodo da madrugada. Segue a condi\u00e7\u00e3o para pancada de chuva com moderada \u2013 a eventual forte \u2013 intensidade, seguida por raios e ventos. Entre o fim da tarde e in\u00edcio da noite, a chuva avan\u00e7a sobre \u00e1reas do interior e sul catarinense, e no extremo sul e sudoeste paranaense.<\/p>\n<p>Sexta: Amanhecer gelado no Sul e possibilidade para geada mais pontual sobre a Serra do RS. Possibilidade ainda de garoa de manh\u00e3 no extremo sul ga\u00facho. Tempo firme em SC e no PR e destaque para as temperaturas mais baixas no sul e leste paranaense.<\/p>\n<h2 class=\"wp-block-heading\" id=\"h-sudeste\">Sudeste<br \/><\/h2>\n<p>Quarta: Semana segue com tempo est\u00e1vel em todos os estados da regi\u00e3o. Em SP, leste e litoral seguem com temperaturas mais amenas e dia de c\u00e9u parcialmente encoberto. No interior paulista, esquenta mais e a URA segue baixa. MG com predom\u00ednio de sol, temperaturas amenas entre a capital e a faixa leste. RJ e ES ainda sob influ\u00eancia dos ventos mar\u00edtimos e as temperaturas tamb\u00e9m n\u00e3o disparam.<\/p>\n<p>Quinta: Destaque segue sendo o tempo firme em toda a regi\u00e3o. Calor ganha for\u00e7a entre o interior de SP e de MG. Leste de SP, RJ e ES come\u00e7am a apresentar maior aumento nas temperaturas ao longo do dia. \u00c0 tarde, alerta de baixa umidade em boa parte de SP e MG.<\/p>\n<p>Sexta: O tempo continua firme no Sudeste com manh\u00e3s e madrugadas com temperaturas mais baixas e tardes ensolaradas e mais quentes com umidade muito baixa no noroeste, Tri\u00e2ngulo, norte de Minas e interior e leste de SP \u2013 capital paulista e a cidade de Belo Horizonte com valores abaixo de 30%.<\/p>\n<p><em>Veja em primeira m\u00e3o tudo sobre agricultura, pecu\u00e1ria, economia e previs\u00e3o do tempo:<\/em><a href=\"https:\/\/news.google.com\/publications\/CAAqBwgKMPKZlQswq_mqAw?hl=pt-BR&amp;gl=BR&amp;ceid=BR%3Apt-419\"><em>\u00a0<\/em><strong><em>siga o Canal Rural no Google News!<\/em><\/strong><\/a><\/p>\n<\/div>\n<div>\n<h2 class=\"wp-block-heading\" id=\"h-centro-oeste\">Centro-Oeste<\/h2>\n<p>Quarta: Tempo continua est\u00e1vel em todos os estados. Destaque para o calor mais intenso entre o norte de MS e o MT. \u00c0 tarde, a URA sofre queda acentuada e entra em limiares de aten\u00e7\u00e3o. Destaque entre norte de MS, MT e oeste de GO, onde h\u00e1 risco para que os \u00edndices fiquem abaixo de 20%.<\/p>\n<p>Quinta: Avan\u00e7o de massa de ar polar deve impedir o aumento significativo das temperaturas no sul, sudoeste e parte do oeste de MS. Apesar disso, o restante do estado continua mais quente. Tempo segue firme, o calor e a baixa umidade continuam nas capitais, Cuiab\u00e1\/MT, Goi\u00e2nia\/GO e na Capital Federal.<\/p>\n<p>Sexta: Amanhecer um pouco mais frio no sudoeste e sul de MS. Toda a Regi\u00e3o continua com o padr\u00e3o de tempo firme e seco. Calor\u00e3o em MT e no interior de GO. A umidade continua abaixo de 30% no norte e noroeste de MS e em todo o estado de GO, incluindo o DF e abaixo de 20% em cidades do interior de MT.<\/p>\n<h2 class=\"wp-block-heading\" id=\"h-nordeste\">Nordeste<\/h2>\n<p>Quarta: Entrada de umidade mar\u00edtima estimula a forma\u00e7\u00e3o de nuvens carregadas ainda sobre boa parte da costa leste, mas pancadas acontecem irregulares durante o dia. No litoral do MA, as pancadas podem cair com moderada intensidade. Sert\u00e3o e agreste seguem com tempo firme, calor e baixa umidade do ar.<\/p>\n<p>Quinta: Chuva volta a ganhar for\u00e7a no litoral da BA, SE, AL, PE e PB, com condi\u00e7\u00f5es para pancadas de chuva com moderada a eventual forte intensidade. Interior da regi\u00e3o j\u00e1 segue com tempo firme e calor. Umidade baixa mant\u00e9m o alerta para queimadas na regi\u00e3o.<\/p>\n<p>Sexta: A chuva continua forte no litoral da BA, de AL, SE, PE e PB com risco para temporais inclusive nas capitais \u2013 sexta com muita nebulosidade e pancadas a qualquer hora. O ar continua seco no agreste, sert\u00e3o e interior nordestino. Aten\u00e7\u00e3o para o sul do MA, PI, CE e oeste da BA, com valores abaixo de 30%.<\/p>\n<h2 class=\"wp-block-heading\" id=\"h-norte\">Norte<br \/><\/h2>\n<p>Quarta: Aproxima\u00e7\u00e3o da ZCIT espalha as instabilidades no AP. RR e a metade norte do AM seguem com tempo inst\u00e1vel e condi\u00e7\u00f5es para pancadas de chuva com moderada a forte intensidade. Chove tamb\u00e9m no norte e litoral do PA. Demais regi\u00f5es com tempo firme e destaque continua sendo o calor.<\/p>\n<p>Quinta: Chuva come\u00e7a a se espalhar mais sobre o AM e pode alcan\u00e7ar \u00e1reas do oeste do AC. RR e AP seguem com condi\u00e7\u00f5es para chuva forte. PA com pancadas restritas ao litoral e norte. RO e TO com tempo firme.<\/p>\n<p>Sexta: O tempo continua firme na faixa sul da Regi\u00e3o com umidade abaixo dos 30% no sul de RO, PA e no TO. Pancadas fortes no norte e interior do AM, risco para alguns temporais isolados no estado de RR e pancadas moderadas a forte no AP. Manaus termina a semana com pouca chuva.<\/p>\n<div data-icp-cta=\"1\" id=\"icp-cta-unique\">Voc\u00ea quer entender como usar o clima a seu favor?<b> <\/b><a href=\"https:\/\/climacampo.canalrural.com.br\/climacampo_-01\">Preparamos um e-book exclusivo<\/a> para ajudar produtores rurais a se antecipar \u00e0s mudan\u00e7as do tempo e planejar melhor suas a\u00e7\u00f5es. Com base em previs\u00f5es meteorol\u00f3gicas confi\u00e1veis, ele oferece orienta\u00e7\u00f5es pr\u00e1ticas para proteger sua lavoura e otimizar seus resultados.<\/div>\n<\/div>\n<p><br \/>\n<br \/><a href=\"https:\/\/www.canalrural.com.br\/tempo\/terca-deve-ser-sem-chuva-na-maior-parte-do-pais-e-com-elevacao-das-temperaturas\/\">Source link <\/a><\/p>\n","protected":false},"excerpt":{"rendered":"<p>Chuva continua concentrada sobre a costa leste e norte do Brasil ,com risco ainda alto para pancadas fortes em Ilh\u00e9us<\/p>\n","protected":false},"author":1,"featured_media":2612,"comment_status":"open","ping_status":"open","sticky":false,"template":"","format":"standard","meta":{"_monsterinsights_skip_tracking":false,"_monsterinsights_sitenote_active":false,"_monsterinsights_sitenote_note":"","_monsterinsights_sitenote_category":0,"_uf_show_specific_survey":0,"_uf_disable_surveys":false,"footnotes":""},"categories":[1],"tags":[],"class_list":["post-16765","post","type-post","status-publish","format-standard","has-post-thumbnail","hentry","category-news"],"_links":{"self":[{"href":"https:\/\/agromt.news\/index.php?rest_route=\/wp\/v2\/posts\/16765"}],"collection":[{"href":"https:\/\/agromt.news\/index.php?rest_route=\/wp\/v2\/posts"}],"about":[{"href":"https:\/\/agromt.news\/index.php?rest_route=\/wp\/v2\/types\/post"}],"author":[{"embeddable":true,"href":"https:\/\/agromt.news\/index.php?rest_route=\/wp\/v2\/users\/1"}],"replies":[{"embeddable":true,"href":"https:\/\/agromt.news\/index.php?rest_route=%2Fwp%2Fv2%2Fcomments&post=16765"}],"version-history":[{"count":0,"href":"https:\/\/agromt.news\/index.php?rest_route=\/wp\/v2\/posts\/16765\/revisions"}],"wp:featuredmedia":[{"embeddable":true,"href":"https:\/\/agromt.news\/index.php?rest_route=\/wp\/v2\/media\/2612"}],"wp:attachment":[{"href":"https:\/\/agromt.news\/index.php?rest_route=%2Fwp%2Fv2%2Fmedia&parent=16765"}],"wp:term":[{"taxonomy":"category","embeddable":true,"href":"https:\/\/agromt.news\/index.php?rest_route=%2Fwp%2Fv2%2Fcategories&post=16765"},{"taxonomy":"post_tag","embeddable":true,"href":"https:\/\/agromt.news\/index.php?rest_route=%2Fwp%2Fv2%2Ftags&post=16765"}],"curies":[{"name":"wp","href":"https:\/\/api.w.org\/{rel}","templated":true}]}}