{"id":16763,"date":"2025-07-15T09:11:08","date_gmt":"2025-07-15T13:11:08","guid":{"rendered":"https:\/\/agromt.news\/?p=16763"},"modified":"2025-07-15T09:11:08","modified_gmt":"2025-07-15T13:11:08","slug":"governo-se-reune-com-empresas-do-agro-nesta-terca-para-discutir-tarifaco-de-trump","status":"publish","type":"post","link":"https:\/\/agromt.news\/?p=16763","title":{"rendered":"Governo se re\u00fane com empresas do agro nesta ter\u00e7a para discutir tarifa\u00e7o de Trump"},"content":{"rendered":"<p> <br \/>\n<br \/><img decoding=\"async\" src=\"https:\/\/agromt.news\/wp-content\/uploads\/2025\/07\/Governo-se-reune-com-empresas-do-agro-nesta-terca-para.png\" \/><\/p>\n<div>\n<p>Governo receber\u00e1 em Bras\u00edlia nesta ter\u00e7a-feira (15) empresas do agroneg\u00f3cio para discutir medidas sobre o <a href=\"https:\/\/www.canalrural.com.br\/nacional\/trump-anuncia-tarifa-de-50-para-produtos-do-brasil\/\">tarifa\u00e7o de Trump anunciado na \u00faltima quarta-feira (9)<\/a>. Ser\u00e3o recebidas empresas que exportam suco de laranja, carnes, frutas, mel, couro e pescado.<\/p>\n<p>A reuni\u00e3o acontece ap\u00f3s a <a href=\"https:\/\/www.canalrural.com.br\/economia\/governo-se-reunira-com-empresarios-para-discutir-tarifaco-de-trump\/\">cria\u00e7\u00e3o do comit\u00ea de trabalho interministerial pelo presidente Luiz In\u00e1cio Lula da Silva<\/a>. O objetivo \u00e9 reunir ow setores empresariais da ind\u00fastria e do agroneg\u00f3cio para definir estrat\u00e9gias de negocia\u00e7\u00e3o e revers\u00e3o das tarifas de 50% impostas pelo presidente dos Estados Unidos, Donald Trump, aos produtos do Brasil.<\/p>\n<p>O grupo conta com a participa\u00e7\u00e3o do Minist\u00e9rio do Desenvolvimento, Ind\u00fastria e Com\u00e9rcio (MDIC), da Casa Civil, do Minist\u00e9rio das Rela\u00e7\u00f5es Exteriores e do Minist\u00e9rio da Fazenda, e ser\u00e1 coordenado pelo vice-presidente e titular do MDIC, Geraldo Alckmin.<\/p>\n<p>Em declara\u00e7\u00e3o \u00e0 imprensa na tarde de segunda-feira (14), no Pal\u00e1cio do Planalto, Alckmin deu detalhes sobre as conversas. As duas primeiras reuni\u00f5es ocorrer\u00e3o nesta ter\u00e7a-feira (15), na sede do MDIC, em Bras\u00edlia.<\/p>\n<p><em>Veja em primeira m\u00e3o tudo sobre agricultura, pecu\u00e1ria, economia e previs\u00e3o do tempo:<\/em><a href=\"https:\/\/news.google.com\/publications\/CAAqBwgKMPKZlQswq_mqAw?hl=pt-BR&amp;gl=BR&amp;ceid=BR%3Apt-419\"><em>\u00a0<\/em><strong><em>siga o Canal Rural no Google News!<\/em><\/strong><\/a><\/p>\n<p>A primeira, agendada para as 10h, reunir\u00e1 setores industriais que t\u00eam mais rela\u00e7\u00e3o de com\u00e9rcio exterior com os EUA, como empresas de avia\u00e7\u00e3o, a\u00e7o, alum\u00ednio, celulose, m\u00e1quinas, cal\u00e7ados, autope\u00e7as, entre outros . Devem participar entidades setoriais e, em alguns casos, as pr\u00f3prias empresas. Um representante do Minist\u00e9rio de Portos e Aeroportos tamb\u00e9m deve comparecer.<\/p>\n<p>Na parte da tarde, \u00e0s 14h, ser\u00e1 a vez das empresas de agroneg\u00f3cio. Neste caso, al\u00e9m das quatro pastas que integram o comit\u00ea, representantes do Minist\u00e9rio da Agricultura (Mapa), do Minist\u00e9rio do Desenvolvimento Agr\u00e1rio (MDA) e do Minist\u00e9rio da Pesca participar\u00e3o da reuni\u00e3o.<\/p>\n<p>\u201cEssa \u00e9 a primeira conversa, mas n\u00f3s vamos dar continuidade a esse trabalho. E vamos tamb\u00e9m marcar com entidades e empresas americanas, porque tem uma integra\u00e7\u00e3o de cadeia. Ent\u00e3o, \u00e9 evidente que as empresas americanas tamb\u00e9m v\u00e3o ser atingidas. Vamos conversar com as empresas americanas e com a C\u00e2mara de Com\u00e9rcio Exterior Brasil-EUA (Amcham)\u201d, afirmou Alckmin.<\/p>\n<p>Ele citou, por exemplo, o fato de o Brasil importar carv\u00e3o sider\u00fargico dos EUA para fabricar a\u00e7o semiplano e depois vender esse a\u00e7o de volta ao mercado norte-americano, que produz motores e outros produtos de maior valor agregado.<\/p>\n<\/div>\n<div>\n<p>Segundo Alckmin, ele n\u00e3o foi procurado por autoridades americanas desde o an\u00fancio de Trump, mas informou que, antes do tarifa\u00e7o, o Brasil j\u00e1 havia encaminhado proposta sobre taxas comerciais para autoridades dos EUA.<\/p>\n<p>\u201cNo dia 16 de maio foi encaminhada, at\u00e9 em car\u00e1ter confidencial, uma proposta de negocia\u00e7\u00e3o para os Estados Unidos e n\u00e3o foi respondida ainda\u201d, revelou.<br \/>O vice-presidente chegou a se reunir com secret\u00e1rio de Com\u00e9rcio dos EUA, Howard Lutnick, e o embaixador Michael Grier, um alto funcion\u00e1rio do Representante Comercial dos EUA (USTR).<\/p>\n<p>A expectativa de Alckmin \u00e9 de que a participa\u00e7\u00e3o dos setores empresariais brasileiros diretamente atingidos pela tarifa ajude a mobilizar empresas norte-americanas. O vice-presidente negou especula\u00e7\u00f5es de que o Brasil teria solicitado redu\u00e7\u00e3o da tarifa neste momento.<\/p>\n<p>\u201cO governo n\u00e3o pediu nenhuma prorroga\u00e7\u00e3o de prazo e n\u00e3o fez nenhuma proposta sobre a al\u00edquota, sobre o percentual. O que n\u00f3s estamos fazendo \u00e9 ouvindo os setores mais envolvidos, para o setor privado tamb\u00e9m participar e se mobilizar com seus cong\u00eaneres e parceiros nos Estados Unidos, fazer essa articula\u00e7\u00e3o e o governo tamb\u00e9m o far\u00e1. Todo o empenho em rever essa quest\u00e3o [tarifa], porque ela \u00e9 totalmente inadequada\u201d, observou.<\/p>\n<\/p><\/div>\n<p><br \/>\n<br \/><a href=\"https:\/\/www.canalrural.com.br\/economia\/governo-se-reune-com-empresas-do-agro-nesta-terca-para-discutir-tarifaco-de-trump\/\">Source link <\/a><\/p>\n","protected":false},"excerpt":{"rendered":"<p>Governo receber\u00e1 em Bras\u00edlia nesta ter\u00e7a-feira (15) empresas do agroneg\u00f3cio para discutir medidas sobre o tarifa\u00e7o de Trump anunciado na<\/p>\n","protected":false},"author":1,"featured_media":16764,"comment_status":"open","ping_status":"open","sticky":false,"template":"","format":"standard","meta":{"_monsterinsights_skip_tracking":false,"_monsterinsights_sitenote_active":false,"_monsterinsights_sitenote_note":"","_monsterinsights_sitenote_category":0,"_uf_show_specific_survey":0,"_uf_disable_surveys":false,"footnotes":""},"categories":[1],"tags":[],"class_list":["post-16763","post","type-post","status-publish","format-standard","has-post-thumbnail","hentry","category-news"],"_links":{"self":[{"href":"https:\/\/agromt.news\/index.php?rest_route=\/wp\/v2\/posts\/16763"}],"collection":[{"href":"https:\/\/agromt.news\/index.php?rest_route=\/wp\/v2\/posts"}],"about":[{"href":"https:\/\/agromt.news\/index.php?rest_route=\/wp\/v2\/types\/post"}],"author":[{"embeddable":true,"href":"https:\/\/agromt.news\/index.php?rest_route=\/wp\/v2\/users\/1"}],"replies":[{"embeddable":true,"href":"https:\/\/agromt.news\/index.php?rest_route=%2Fwp%2Fv2%2Fcomments&post=16763"}],"version-history":[{"count":0,"href":"https:\/\/agromt.news\/index.php?rest_route=\/wp\/v2\/posts\/16763\/revisions"}],"wp:featuredmedia":[{"embeddable":true,"href":"https:\/\/agromt.news\/index.php?rest_route=\/wp\/v2\/media\/16764"}],"wp:attachment":[{"href":"https:\/\/agromt.news\/index.php?rest_route=%2Fwp%2Fv2%2Fmedia&parent=16763"}],"wp:term":[{"taxonomy":"category","embeddable":true,"href":"https:\/\/agromt.news\/index.php?rest_route=%2Fwp%2Fv2%2Fcategories&post=16763"},{"taxonomy":"post_tag","embeddable":true,"href":"https:\/\/agromt.news\/index.php?rest_route=%2Fwp%2Fv2%2Ftags&post=16763"}],"curies":[{"name":"wp","href":"https:\/\/api.w.org\/{rel}","templated":true}]}}