{"id":16759,"date":"2025-07-15T06:43:42","date_gmt":"2025-07-15T10:43:42","guid":{"rendered":"https:\/\/agromt.news\/?p=16759"},"modified":"2025-07-15T06:43:42","modified_gmt":"2025-07-15T10:43:42","slug":"brasil-tera-primeira-industria-de-gluten-vital","status":"publish","type":"post","link":"https:\/\/agromt.news\/?p=16759","title":{"rendered":"Brasil ter\u00e1 primeira ind\u00fastria de gl\u00faten vital"},"content":{"rendered":"<p> <br \/>\n<\/p>\n<div>\n<div class=\"row\">\n<div class=\"col-lg col-infos mt-0 mt-lg-0\">\n<div class=\"section-sub-title\">\n<p itemprop=\"description\">&#13;<br \/>\n                                O gl\u00faten vital \u00e9 usado para melhorar a qualidade da farinha &#13;\n                            <\/p>\n<\/p><\/div>\n<div class=\"container\">\n<div class=\"row\">\n<div class=\"col-lg p-0\">\n<div>\n<div class=\"block-news-main-infos mt-3 text-start\">\n<p>                                            <strong class=\"fn\" itemprop=\"author\" style=\"color: rgb(112, 112, 112); \">&#13;<br \/>\n                                                <a href=\"https:\/\/www.agrolink.com.br\/noticias\/javascript:;\" class=\"text-uppercase\" target=\"_blank\" style=\"color: rgb(112, 112, 112); \" rel=\"noopener\">Agrolink<\/a>&#13;<br \/>\n&#13;<br \/>\n                                                    &#8211; Leonardo Gottems&#13;<br \/>\n&#13;<br \/>\n                                            <\/strong><br \/>\n                                        <\/p>\n<p>                                            <abbr><time datetime=\"2025-07-14T17:07\" itemprop=\"datePublished dateModified\">Publicado em 14\/07\/2025 \u00e0s 17:07h.<\/time><\/abbr><br \/>\n                                            <\/p><\/div>\n<\/p><\/div>\n<\/p><\/div>\n<div class=\"col-lg p-0 text-lg-end\">\n<div>\n<div id=\"mdEnviarPagina\" class=\"modal fade\" role=\"dialog\">\n<div class=\"modal-dialog\">\n<div class=\"modal-content\">\n<div class=\"modal-body\">\n<p><strong>Estimado usu\u00e1rio.<\/strong><br \/>Preencha o formul\u00e1rio abaixo para remeter a p\u00e1gina.<\/p>\n<\/p><\/div>\n<\/p><\/div>\n<\/p><\/div>\n<\/div><\/div>\n<\/p><\/div>\n<\/p><\/div>\n<\/p><\/div>\n<\/p><\/div>\n<\/p><\/div>\n<div class=\"row justify-content-md-center mt-3\">\n<div class=\"col-lg-auto col-image block-news-main-image\">\n<p>                                <img decoding=\"async\" src=\"https:\/\/www.agrolink.com.br\/upload\/imagens-resizes\/e8e5027f378c4f7bb908c2b27879fae4_858x483.jpg\" class=\"lazyload img-fluid\" alt=\"O gl\u00faten vital \u00e9 usado para melhorar a qualidade da farinha \"\/><br \/>\n                                                <span class=\"d-block mt-1\">O gl\u00faten vital \u00e9 usado para melhorar a qualidade da farinha  &#8211; Foto: Canva<\/span><\/p><\/div>\n<\/p><\/div>\n<div class=\"section-description section-description-noticias mt-3\">\n<p>O Banco Nacional de Desenvolvimento Econ\u00f4mico e Social (BNDES) aprovou financiamento de R$ 290,2 milh\u00f5es para a instala\u00e7\u00e3o da primeira f\u00e1brica brasileira de gl\u00faten vital, a ser implantada pela Be8 em Passo Fundo (RS), por meio do Programa BNDES Mais Inova\u00e7\u00e3o. Atualmente, todo o consumo interno do pa\u00eds depende da importa\u00e7\u00e3o, que em 2024 atingiu 22,1 mil toneladas, segundo a Abitrigo.&#13;\n<\/p>\n<p>\u201cEsse projeto est\u00e1 alinhado aos objetivos da Nova Ind\u00fastria Brasil de incentivar a inova\u00e7\u00e3o, agregar valor \u00e0 produ\u00e7\u00e3o nacional e reduzir gargalos hist\u00f3ricos. Com essa planta pioneira financiada pelo Banco, o Brasil deixa de ser 100% dependente da importa\u00e7\u00e3o de gl\u00faten vital e passa a ocupar um novo espa\u00e7o estrat\u00e9gico na cadeia de trigo\u201d, destacou o presidente do BNDES, Aloizio Mercadante.<\/p>\n<p>Extra\u00eddo da farinha de trigo, o gl\u00faten vital \u00e9 usado para melhorar a qualidade da farinha de panifica\u00e7\u00e3o e est\u00e1 presente em medicamentos e produtos de higiene pessoal. A nova planta processar\u00e1 525 mil toneladas por ano de cereais, fomentando a produ\u00e7\u00e3o local de trigo \u2014 o RS \u00e9 o maior produtor do Brasil \u2014 e gerando 29 empregos diretos e cerca de 500 indiretos.&#13;\n<\/p>\n<p>Integrada a uma biorrefinaria para produ\u00e7\u00e3o de etanol a partir de cereais, a unidade permitir\u00e1 a otimiza\u00e7\u00e3o de custos e a gera\u00e7\u00e3o de subprodutos como farelo DDGS para ra\u00e7\u00e3o animal. A Be8 estima produ\u00e7\u00e3o anual de 25,6 mil toneladas de gl\u00faten vital e 209 mil metros c\u00fabicos de etanol anidro, com possibilidade de atender tamb\u00e9m mercados externos na Am\u00e9rica do Sul.<\/p>\n<p>\u201cCelebramos aqui mais etapa muito importante de um projeto que tem a marca registrada da inova\u00e7\u00e3o que a Be8 promove\u201d, disse Erasmo Carlos Battistella, Presidente da Be8. \u201cEste \u00e9 um parque fabril que integra um conceito importante de gera\u00e7\u00e3o de energia renov\u00e1vel e produ\u00e7\u00e3o de alimento, confirmando que esses dois desafios podem ser superados de forma conjunta\u201d, destacou.<br \/>&#13;<br \/>\n\u00a0&#13;\n<\/p>\n<\/p><\/div>\n<\/p><\/div>\n<p><script data-cfasync=\"false\">\n    !function (f, b, e, v, n, t, s) {\n        if (f.fbq) return; n = f.fbq = function () {\n            n.callMethod ?\n                n.callMethod.apply(n, arguments) : n.queue.push(arguments)\n        };\n        if (!f._fbq) f._fbq = n; n.push = n; n.loaded = !0; n.version = '2.0';\n        n.queue = []; t = b.createElement(e); t.async = !0;\n        t.src = v; s = b.getElementsByTagName(e)[0];\n        s.parentNode.insertBefore(t, s)\n    }(window, document, 'script',\n        'https:\/\/connect.facebook.net\/en_US\/fbevents.js');\n    fbq('init', '522546078623747');\n    fbq('track', 'PageView');\n<\/script><br \/>\n<br \/><br \/>\n<br \/><a href=\"https:\/\/www.agrolink.com.br\/noticias\/brasil-tera-primeira-industria-de-gluten-vital_503900.html\">Source link <\/a><\/p>\n","protected":false},"excerpt":{"rendered":"<p>&#13; O gl\u00faten vital \u00e9 usado para melhorar a qualidade da farinha &#13; &#13; Agrolink&#13; &#13; &#8211; Leonardo Gottems&#13; &#13;<\/p>\n","protected":false},"author":1,"featured_media":5001,"comment_status":"open","ping_status":"open","sticky":false,"template":"","format":"standard","meta":{"_monsterinsights_skip_tracking":false,"_monsterinsights_sitenote_active":false,"_monsterinsights_sitenote_note":"","_monsterinsights_sitenote_category":0,"_uf_show_specific_survey":0,"_uf_disable_surveys":false,"footnotes":""},"categories":[8,1,14],"tags":[],"class_list":["post-16759","post","type-post","status-publish","format-standard","has-post-thumbnail","hentry","category-agro","category-news","category-politica-agro"],"_links":{"self":[{"href":"https:\/\/agromt.news\/index.php?rest_route=\/wp\/v2\/posts\/16759"}],"collection":[{"href":"https:\/\/agromt.news\/index.php?rest_route=\/wp\/v2\/posts"}],"about":[{"href":"https:\/\/agromt.news\/index.php?rest_route=\/wp\/v2\/types\/post"}],"author":[{"embeddable":true,"href":"https:\/\/agromt.news\/index.php?rest_route=\/wp\/v2\/users\/1"}],"replies":[{"embeddable":true,"href":"https:\/\/agromt.news\/index.php?rest_route=%2Fwp%2Fv2%2Fcomments&post=16759"}],"version-history":[{"count":0,"href":"https:\/\/agromt.news\/index.php?rest_route=\/wp\/v2\/posts\/16759\/revisions"}],"wp:featuredmedia":[{"embeddable":true,"href":"https:\/\/agromt.news\/index.php?rest_route=\/wp\/v2\/media\/5001"}],"wp:attachment":[{"href":"https:\/\/agromt.news\/index.php?rest_route=%2Fwp%2Fv2%2Fmedia&parent=16759"}],"wp:term":[{"taxonomy":"category","embeddable":true,"href":"https:\/\/agromt.news\/index.php?rest_route=%2Fwp%2Fv2%2Fcategories&post=16759"},{"taxonomy":"post_tag","embeddable":true,"href":"https:\/\/agromt.news\/index.php?rest_route=%2Fwp%2Fv2%2Ftags&post=16759"}],"curies":[{"name":"wp","href":"https:\/\/api.w.org\/{rel}","templated":true}]}}