{"id":16754,"date":"2025-07-15T02:50:42","date_gmt":"2025-07-15T06:50:42","guid":{"rendered":"https:\/\/agromt.news\/?p=16754"},"modified":"2025-07-15T02:50:42","modified_gmt":"2025-07-15T06:50:42","slug":"parana-bate-recorde-em-exportacoes-de-carne-suina","status":"publish","type":"post","link":"https:\/\/agromt.news\/?p=16754","title":{"rendered":"Paran\u00e1 bate recorde em exporta\u00e7\u00f5es de carne su\u00edna"},"content":{"rendered":"<p> <br \/>\n<\/p>\n<div>\n<p style=\"text-align:justify\">O Paran\u00e1 alcan\u00e7ou, entre janeiro e junho de 2025, o maior volume j\u00e1 registrado de exporta\u00e7\u00f5es de carne su\u00edna em um primeiro semestre, segundo dados da plataforma Comex Stat\/MDIC analisados pelo Departamento de Economia Rural (Deral), da Secretaria de Estado da Agricultura e do Abastecimento (Seab). O resultado foi divulgado nesta quinta-feira (10) no Boletim de Conjuntura Agropecu\u00e1ria.&#13;\n<\/p>\n<p style=\"text-align:justify\">No per\u00edodo, o estado embarcou 110,7 mil toneladas do produto, o que representa um aumento de 39,4% em compara\u00e7\u00e3o com o primeiro semestre de 2024, quando o volume foi 31,3 mil toneladas menor. O total exportado tamb\u00e9m superou em 6,1% o recorde anterior, de 104,3 mil toneladas, registrado no segundo semestre de 2024.<\/p>\n<p style=\"text-align:justify\">O desempenho obtido neste primeiro semestre quebra uma sequ\u00eancia de recordes que, at\u00e9 ent\u00e3o, ocorriam sempre no segundo semestre. O hist\u00f3rico de exporta\u00e7\u00f5es mostra que os maiores volumes haviam sido registrados no segundo semestre de 2024 (104,3 mil t), 2023 (87,5 mil t), 2021 (83,5 mil t), 2022 (80,6 mil t), e no primeiro semestre de 2023 (80,5 mil t).&#13;\n<\/p>\n<p style=\"text-align:justify\">Segundo o Deral, o desempenho atual foi impulsionado pela amplia\u00e7\u00e3o de vendas a pa\u00edses parceiros. Hong Kong liderou as compras, com 20,5 mil toneladas adquiridas, um aumento de 23,9% em rela\u00e7\u00e3o ao mesmo per\u00edodo do ano anterior. O Uruguai tamb\u00e9m ampliou suas aquisi\u00e7\u00f5es em 23,7%, somando 3,4 mil toneladas adicionais. A Argentina registrou o maior crescimento proporcional, com aumento de 471%, o que corresponde a 13,5 mil toneladas a mais.<\/p>\n<p style=\"text-align:justify\">Outros destaques foram as exporta\u00e7\u00f5es para as Filipinas, que se tornaram novo destino da carne su\u00edna paranaense, al\u00e9m de crescimentos para o Vietn\u00e3 (+29,7%) e Costa do Marfim (+41,4%). Por outro lado, houve retra\u00e7\u00e3o nos embarques para Singapura, Ge\u00f3rgia e Cuba.&#13;\n<\/p>\n<p style=\"text-align:justify\">Com base na tend\u00eancia observada nos \u00faltimos dez anos, em que o segundo semestre costuma superar o primeiro em volume exportado, a expectativa do Deral \u00e9 de que o Paran\u00e1 possa alcan\u00e7ar novo recorde at\u00e9 o fim de 2025.<\/p>\n<\/p><\/div>\n<p><script data-cfasync=\"false\">\n    !function (f, b, e, v, n, t, s) {\n        if (f.fbq) return; n = f.fbq = function () {\n            n.callMethod ?\n                n.callMethod.apply(n, arguments) : n.queue.push(arguments)\n        };\n        if (!f._fbq) f._fbq = n; n.push = n; n.loaded = !0; n.version = '2.0';\n        n.queue = []; t = b.createElement(e); t.async = !0;\n        t.src = v; s = b.getElementsByTagName(e)[0];\n        s.parentNode.insertBefore(t, s)\n    }(window, document, 'script',\n        'https:\/\/connect.facebook.net\/en_US\/fbevents.js');\n    fbq('init', '522546078623747');\n    fbq('track', 'PageView');\n<\/script><br \/>\n<br \/><br \/>\n<br \/><a href=\"https:\/\/www.agrolink.com.br\/noticias\/parana-bate-recorde-em-exportacoes-de-carne-suina_503902.html\">Source link <\/a><\/p>\n","protected":false},"excerpt":{"rendered":"<p>O Paran\u00e1 alcan\u00e7ou, entre janeiro e junho de 2025, o maior volume j\u00e1 registrado de exporta\u00e7\u00f5es de carne su\u00edna em<\/p>\n","protected":false},"author":1,"featured_media":6032,"comment_status":"open","ping_status":"open","sticky":false,"template":"","format":"standard","meta":{"_monsterinsights_skip_tracking":false,"_monsterinsights_sitenote_active":false,"_monsterinsights_sitenote_note":"","_monsterinsights_sitenote_category":0,"_uf_show_specific_survey":0,"_uf_disable_surveys":false,"footnotes":""},"categories":[8,1,14],"tags":[],"class_list":["post-16754","post","type-post","status-publish","format-standard","has-post-thumbnail","hentry","category-agro","category-news","category-politica-agro"],"_links":{"self":[{"href":"https:\/\/agromt.news\/index.php?rest_route=\/wp\/v2\/posts\/16754"}],"collection":[{"href":"https:\/\/agromt.news\/index.php?rest_route=\/wp\/v2\/posts"}],"about":[{"href":"https:\/\/agromt.news\/index.php?rest_route=\/wp\/v2\/types\/post"}],"author":[{"embeddable":true,"href":"https:\/\/agromt.news\/index.php?rest_route=\/wp\/v2\/users\/1"}],"replies":[{"embeddable":true,"href":"https:\/\/agromt.news\/index.php?rest_route=%2Fwp%2Fv2%2Fcomments&post=16754"}],"version-history":[{"count":0,"href":"https:\/\/agromt.news\/index.php?rest_route=\/wp\/v2\/posts\/16754\/revisions"}],"wp:featuredmedia":[{"embeddable":true,"href":"https:\/\/agromt.news\/index.php?rest_route=\/wp\/v2\/media\/6032"}],"wp:attachment":[{"href":"https:\/\/agromt.news\/index.php?rest_route=%2Fwp%2Fv2%2Fmedia&parent=16754"}],"wp:term":[{"taxonomy":"category","embeddable":true,"href":"https:\/\/agromt.news\/index.php?rest_route=%2Fwp%2Fv2%2Fcategories&post=16754"},{"taxonomy":"post_tag","embeddable":true,"href":"https:\/\/agromt.news\/index.php?rest_route=%2Fwp%2Fv2%2Ftags&post=16754"}],"curies":[{"name":"wp","href":"https:\/\/api.w.org\/{rel}","templated":true}]}}