{"id":16753,"date":"2025-07-15T00:52:07","date_gmt":"2025-07-15T04:52:07","guid":{"rendered":"https:\/\/agromt.news\/?p=16753"},"modified":"2025-07-15T00:52:07","modified_gmt":"2025-07-15T04:52:07","slug":"brasil-amplia-producao-de-oleo-e-farelo-de-soja","status":"publish","type":"post","link":"https:\/\/agromt.news\/?p=16753","title":{"rendered":"Brasil amplia produ\u00e7\u00e3o de \u00f3leo e farelo de soja"},"content":{"rendered":"<p> <br \/>\n<\/p>\n<div>\n<div class=\"row\">\n<div class=\"col-lg col-infos mt-0 mt-lg-0\">\n<div class=\"section-sub-title\">\n<p itemprop=\"description\">&#13;<br \/>\n                                Consumo de \u00f3leo de soja cresce com demanda interna&#13;\n                            <\/p>\n<\/p><\/div>\n<div class=\"container\">\n<div class=\"row\">\n<div class=\"col-lg p-0\">\n<div>\n<div class=\"block-news-main-infos mt-3 text-start\">\n<p>                                            <strong class=\"fn\" itemprop=\"author\" style=\"color: rgb(112, 112, 112); \">&#13;<br \/>\n                                                <a href=\"https:\/\/www.agrolink.com.br\/noticias\/javascript:;\" class=\"text-uppercase\" target=\"_blank\" style=\"color: rgb(112, 112, 112); \" rel=\"noopener\">Agrolink<\/a>&#13;<br \/>\n&#13;<br \/>\n                                                    &#8211; Seane Lennon&#13;<br \/>\n&#13;<br \/>\n                                            <\/strong><br \/>\n                                        <\/p>\n<p>                                            <abbr><time datetime=\"2025-07-14T17:17\" itemprop=\"datePublished dateModified\">Publicado em 14\/07\/2025 \u00e0s 17:17h.<\/time><\/abbr><br \/>\n                                            <\/p><\/div>\n<\/p><\/div>\n<\/p><\/div>\n<div class=\"col-lg p-0 text-lg-end\">\n<div>\n<div id=\"mdEnviarPagina\" class=\"modal fade\" role=\"dialog\">\n<div class=\"modal-dialog\">\n<div class=\"modal-content\">\n<div class=\"modal-body\">\n<p><strong>Estimado usu\u00e1rio.<\/strong><br \/>Preencha o formul\u00e1rio abaixo para remeter a p\u00e1gina.<\/p>\n<\/p><\/div>\n<\/p><\/div>\n<\/p><\/div>\n<\/div><\/div>\n<\/p><\/div>\n<\/p><\/div>\n<\/p><\/div>\n<\/p><\/div>\n<\/p><\/div>\n<div class=\"row justify-content-md-center mt-3\">\n<div class=\"col-lg-auto col-image block-news-main-image\">\n<p>                                <img decoding=\"async\" src=\"https:\/\/www.agrolink.com.br\/upload\/imagens-resizes\/b0b7ef56108c429bb411765ad5fa9497_858x483.jpg\" class=\"lazyload img-fluid\"\/><br \/>\n                                                <span class=\"publicity-photo d-block mt-1\">Foto: United Soybean Board<\/span><\/p><\/div>\n<\/p><\/div>\n<div class=\"section-description section-description-noticias mt-3\">\n<p style=\"text-align:justify\">A produ\u00e7\u00e3o de \u00f3leo e farelo de soja no Brasil registrou crescimento, impulsionada pelo maior volume de esmagamento da oleaginosa. Os dados constam no Boletim da Safra de Gr\u00e3os divulgado nesta quinta-feira (10) pela Companhia Nacional de Abastecimento (Conab).&#13;\n<\/p>\n<p style=\"text-align:justify\">De acordo com o levantamento, a produ\u00e7\u00e3o de \u00f3leo de soja foi revisada para cima em 186 mil toneladas, totalizando agora 11,37 milh\u00f5es de toneladas. A eleva\u00e7\u00e3o est\u00e1 associada, principalmente, ao aumento da mistura obrigat\u00f3ria de biodiesel ao diesel mineral, que ampliou a demanda pelo produto.&#13;\n<\/p>\n<p style=\"text-align:justify\">O crescimento tamb\u00e9m se refletiu no consumo interno. Segundo a Conab, a demanda nacional por \u00f3leo de soja subiu de 9,69 milh\u00f5es para 9,88 milh\u00f5es de toneladas.<\/p>\n<p style=\"text-align:justify\">J\u00e1 a produ\u00e7\u00e3o de farelo de soja teve incremento de 717 mil toneladas, alcan\u00e7ando 43,78 milh\u00f5es de toneladas. Como consequ\u00eancia, os estoques de farelo aumentaram de 1,43 milh\u00e3o para 2,28 milh\u00f5es de toneladas.<\/p>\n<\/p><\/div>\n<\/p><\/div>\n<p><script data-cfasync=\"false\">\n    !function (f, b, e, v, n, t, s) {\n        if (f.fbq) return; n = f.fbq = function () {\n            n.callMethod ?\n                n.callMethod.apply(n, arguments) : n.queue.push(arguments)\n        };\n        if (!f._fbq) f._fbq = n; n.push = n; n.loaded = !0; n.version = '2.0';\n        n.queue = []; t = b.createElement(e); t.async = !0;\n        t.src = v; s = b.getElementsByTagName(e)[0];\n        s.parentNode.insertBefore(t, s)\n    }(window, document, 'script',\n        'https:\/\/connect.facebook.net\/en_US\/fbevents.js');\n    fbq('init', '522546078623747');\n    fbq('track', 'PageView');\n<\/script><br \/>\n<br \/><br \/>\n<br \/><a href=\"https:\/\/www.agrolink.com.br\/noticias\/brasil-amplia-producao-de-oleo-e-farelo-de-soja_503903.html\">Source link <\/a><\/p>\n","protected":false},"excerpt":{"rendered":"<p>&#13; Consumo de \u00f3leo de soja cresce com demanda interna&#13; &#13; Agrolink&#13; &#13; &#8211; Seane Lennon&#13; &#13; Publicado em 14\/07\/2025<\/p>\n","protected":false},"author":1,"featured_media":4086,"comment_status":"open","ping_status":"open","sticky":false,"template":"","format":"standard","meta":{"_monsterinsights_skip_tracking":false,"_monsterinsights_sitenote_active":false,"_monsterinsights_sitenote_note":"","_monsterinsights_sitenote_category":0,"_uf_show_specific_survey":0,"_uf_disable_surveys":false,"footnotes":""},"categories":[8,1,14],"tags":[],"class_list":["post-16753","post","type-post","status-publish","format-standard","has-post-thumbnail","hentry","category-agro","category-news","category-politica-agro"],"_links":{"self":[{"href":"https:\/\/agromt.news\/index.php?rest_route=\/wp\/v2\/posts\/16753"}],"collection":[{"href":"https:\/\/agromt.news\/index.php?rest_route=\/wp\/v2\/posts"}],"about":[{"href":"https:\/\/agromt.news\/index.php?rest_route=\/wp\/v2\/types\/post"}],"author":[{"embeddable":true,"href":"https:\/\/agromt.news\/index.php?rest_route=\/wp\/v2\/users\/1"}],"replies":[{"embeddable":true,"href":"https:\/\/agromt.news\/index.php?rest_route=%2Fwp%2Fv2%2Fcomments&post=16753"}],"version-history":[{"count":0,"href":"https:\/\/agromt.news\/index.php?rest_route=\/wp\/v2\/posts\/16753\/revisions"}],"wp:featuredmedia":[{"embeddable":true,"href":"https:\/\/agromt.news\/index.php?rest_route=\/wp\/v2\/media\/4086"}],"wp:attachment":[{"href":"https:\/\/agromt.news\/index.php?rest_route=%2Fwp%2Fv2%2Fmedia&parent=16753"}],"wp:term":[{"taxonomy":"category","embeddable":true,"href":"https:\/\/agromt.news\/index.php?rest_route=%2Fwp%2Fv2%2Fcategories&post=16753"},{"taxonomy":"post_tag","embeddable":true,"href":"https:\/\/agromt.news\/index.php?rest_route=%2Fwp%2Fv2%2Ftags&post=16753"}],"curies":[{"name":"wp","href":"https:\/\/api.w.org\/{rel}","templated":true}]}}