{"id":16743,"date":"2025-07-14T19:40:02","date_gmt":"2025-07-14T23:40:02","guid":{"rendered":"https:\/\/agromt.news\/?p=16743"},"modified":"2025-07-14T19:40:02","modified_gmt":"2025-07-14T23:40:02","slug":"projeto-pauta-o-agronegocio-a-partir-de-perspectivas-da-cadeia-produtiva","status":"publish","type":"post","link":"https:\/\/agromt.news\/?p=16743","title":{"rendered":"Projeto pauta o agroneg\u00f3cio a partir de perspectivas da cadeia produtiva"},"content":{"rendered":"<p> <br \/>\n<\/p>\n<div>\n<p>Um workshop com a presen\u00e7a das entidades e apoiadores do projeto marcou o lan\u00e7amento de mais uma edi\u00e7\u00e3o do Santa Catarina e o Agro 5.0. Foi na ter\u00e7a-feira (08), na capital Florian\u00f3polis, com a presen\u00e7a de dirigentes e representantes dos parceiros que compartilham a realiza\u00e7\u00e3o do projeto. Em sua 8\u00aa temporada, durante sete meses a iniciativa vai debater os desafios e oportunidades do agroneg\u00f3cio do estado a partir de temas que s\u00e3o comuns ao agroneg\u00f3cio em Santa Catarina e no Brasil.<\/p>\n<p>Da sucess\u00e3o no campo e no neg\u00f3cio, \u00e0 sanidade na pecu\u00e1ria os conte\u00fados v\u00e3o trazer \u00e0 discuss\u00e3o assuntos como log\u00edstica, transforma\u00e7\u00e3o e inclus\u00e3o digital e sustentabilidade. A oferta de milho, quest\u00e3o sens\u00edvel no estado, um dos maiores produtores de prote\u00edna animal do pa\u00eds, tamb\u00e9m est\u00e1 entre as tem\u00e1ticas. Em uma reflex\u00e3o sobre qualidade de vida, o projeto ainda vai abordar quest\u00f5es de habita\u00e7\u00e3o rural e m\u00e3o-de-obra no campo e na agroind\u00fastria.<\/p>\n<figure class=\"wp-block-image size-large is-resized\"><img fetchpriority=\"high\" decoding=\"async\" width=\"1024\" height=\"768\" src=\"https:\/\/agromt.news\/wp-content\/uploads\/2025\/07\/Projeto-pauta-o-agronegocio-a-partir-de-perspectivas-da-cadeia.jpeg\" alt=\"\" class=\"wp-image-4110822\" style=\"width:637px;height:auto\"  \/><figcaption class=\"wp-element-caption\">Workshop com a presen\u00e7a das entidades e apoiadores do projeto | Foto: Fecoagro<\/figcaption><\/figure>\n<p>Entre os destaques do workshop est\u00e1 o olhar para a log\u00edstica. Das estradas rurais \u00e0s rodovias e ferrovias, \u00e9 senso comum no agroneg\u00f3cio catarinense a necessidade de melhorar e se estabelecer, de fato, uma conex\u00e3o multimodal. Outro ponto de aten\u00e7\u00e3o levantado diz respeito aos gargalos nos portos catarinenses, fator determinante \u00e0 efici\u00eancia e competividade do estado quando o assunto \u00e9 com\u00e9rcio internacional.<\/p>\n<p>O prop\u00f3sito do SC e o Agro \u00e9 discutir boas pr\u00e1ticas, apontar exemplos de sucesso, mas sobretudo apresentar as demandas e necessidades do setor a partir da perspectiva de todos os elos da cadeia produtiva. E, assim, contribuir para conectar pessoas e contribuir com a formula\u00e7\u00e3o de pol\u00edtica p\u00fablicas que favore\u00e7am o desenvolvimento do agroneg\u00f3cio.<\/p>\n<figure class=\"wp-block-image size-large is-resized\"><img decoding=\"async\" width=\"1024\" height=\"576\" src=\"https:\/\/agromt.news\/wp-content\/uploads\/2025\/07\/Projeto-pauta-o-agronegocio-a-partir-de-perspectivas-da-cadeia.jpg\" alt=\"\" class=\"wp-image-4110823\" style=\"width:641px;height:auto\"  \/><\/figure>\n<p><strong>F\u00f3rum<\/strong><\/p>\n<\/div>\n<div>\n<p>Os presentes tamb\u00e9m deliberaram sobre a realiza\u00e7\u00e3o do F\u00f3rum Santa Catarina e o Agro 5.0. Ser\u00e1 no dia 14 de outubro, em S\u00e3o Francisco do Sul, litoral e zona portu\u00e1ria do estado. Com transmiss\u00e3o AO VIVO pelo Canal Rural, o evento ter\u00e1 como tema central a log\u00edstica, com abordagem ampliada sobre milho, fertilizantes e exporta\u00e7\u00f5es de um modo geral.<\/p>\n<p>Por ocasi\u00e3o do F\u00f3rum, no mesmo dia, ser\u00e1 organizada uma visita ao terminal portu\u00e1rio e ind\u00fastria de fertilizantes da Fecoagro. O objetivo \u00e9 apresentar aos participantes o fluxo reverso no com\u00e9rcio internacional do agroneg\u00f3cio brasileiro com a importa\u00e7\u00e3o de fertilizantes.<\/p>\n<p>Participaram do workshop dirigentes e t\u00e9cnicos da Fecoagro, Ocesc, Faesc\/Senar, Sindicarne (Acav e Aincadesc), Sicoob, Assembleia Legislativa de Santa Catarina, al\u00e9m da Secretaria de Estado da Agricultura, com a presen\u00e7a do secret\u00e1rio Carlos Chiodini. Tamb\u00e9m integra o projeto o Icasa, instituto refer\u00eancia na defesa agropecu\u00e1ria de Santa Catarina.<\/p>\n<p>Os grandes temas que ser\u00e3o pautados s\u00e3o: sucess\u00e3o, infraestrutura e log\u00edstica, transforma\u00e7\u00e3o e inclus\u00e3o digital, sanidade, sustentabilidade, oferta de milho e habita\u00e7\u00e3o rural.<\/p>\n<p>Todos dos conte\u00fados ser\u00e3o distribu\u00eddos e podem ser acessados pela multiplataforma de comunica\u00e7\u00e3o do Canal Rural, TV, site e redes sociais.<\/p>\n<\/p><\/div>\n<p><br \/>\n<br \/><a href=\"https:\/\/www.canalrural.com.br\/nacional\/parana\/projeto-pauta-o-agronegocio-a-partir-de-perspectivas-da-cadeia-produtiva\/\">Source link <\/a><\/p>\n","protected":false},"excerpt":{"rendered":"<p>Um workshop com a presen\u00e7a das entidades e apoiadores do projeto marcou o lan\u00e7amento de mais uma edi\u00e7\u00e3o do Santa<\/p>\n","protected":false},"author":1,"featured_media":16744,"comment_status":"open","ping_status":"open","sticky":false,"template":"","format":"standard","meta":{"_monsterinsights_skip_tracking":false,"_monsterinsights_sitenote_active":false,"_monsterinsights_sitenote_note":"","_monsterinsights_sitenote_category":0,"_uf_show_specific_survey":0,"_uf_disable_surveys":false,"footnotes":""},"categories":[1],"tags":[],"class_list":["post-16743","post","type-post","status-publish","format-standard","has-post-thumbnail","hentry","category-news"],"_links":{"self":[{"href":"https:\/\/agromt.news\/index.php?rest_route=\/wp\/v2\/posts\/16743"}],"collection":[{"href":"https:\/\/agromt.news\/index.php?rest_route=\/wp\/v2\/posts"}],"about":[{"href":"https:\/\/agromt.news\/index.php?rest_route=\/wp\/v2\/types\/post"}],"author":[{"embeddable":true,"href":"https:\/\/agromt.news\/index.php?rest_route=\/wp\/v2\/users\/1"}],"replies":[{"embeddable":true,"href":"https:\/\/agromt.news\/index.php?rest_route=%2Fwp%2Fv2%2Fcomments&post=16743"}],"version-history":[{"count":0,"href":"https:\/\/agromt.news\/index.php?rest_route=\/wp\/v2\/posts\/16743\/revisions"}],"wp:featuredmedia":[{"embeddable":true,"href":"https:\/\/agromt.news\/index.php?rest_route=\/wp\/v2\/media\/16744"}],"wp:attachment":[{"href":"https:\/\/agromt.news\/index.php?rest_route=%2Fwp%2Fv2%2Fmedia&parent=16743"}],"wp:term":[{"taxonomy":"category","embeddable":true,"href":"https:\/\/agromt.news\/index.php?rest_route=%2Fwp%2Fv2%2Fcategories&post=16743"},{"taxonomy":"post_tag","embeddable":true,"href":"https:\/\/agromt.news\/index.php?rest_route=%2Fwp%2Fv2%2Ftags&post=16743"}],"curies":[{"name":"wp","href":"https:\/\/api.w.org\/{rel}","templated":true}]}}