{"id":16734,"date":"2025-07-14T19:09:45","date_gmt":"2025-07-14T23:09:45","guid":{"rendered":"https:\/\/agromt.news\/?p=16734"},"modified":"2025-07-14T19:09:45","modified_gmt":"2025-07-14T23:09:45","slug":"seca-avanca-castiga-lavouras-e-dificulta-avanco-da-2a-safra","status":"publish","type":"post","link":"https:\/\/agromt.news\/?p=16734","title":{"rendered":"Seca avan\u00e7a, &#8216;castiga&#8217; lavouras e dificulta avan\u00e7o da 2\u00aa safra"},"content":{"rendered":"<p> <br \/>\n<br \/><img decoding=\"async\" src=\"https:\/\/agromt.news\/wp-content\/uploads\/2025\/07\/Seca-avanca-castiga-lavouras-e-dificulta-avanco-da-2a-safra.jpg\" \/><\/p>\n<div>\n<p>A <a href=\"https:\/\/www.canalrural.com.br\/?s=umidade+do+solo\">umidade do solo<\/a> permanece cr\u00edtica em grande parte do Brasil, especialmente nas regi\u00f5es produtoras do Matopiba, Mato Grosso, Goi\u00e1s e Minas Gerais. Nesses estados, os n\u00edveis de umidade dispon\u00edvel no solo variam entre 0% e 40%, o que dificulta o desenvolvimento de culturas da segunda safra como milho, sorgo e algod\u00e3o. As lavouras que foram plantadas mais tardiamente s\u00e3o as mais afetadas, particularmente na fase de enchimento de gr\u00e3os.<\/p>\n<figure class=\"wp-block-embed is-type-video is-provider-youtube wp-block-embed-youtube wp-embed-aspect-16-9 wp-has-aspect-ratio\">\n<p>\n<iframe title=\"Seca avan\u00e7a, &#039;castiga&#039; lavouras e dificulta avan\u00e7o da 2\u00aa safra; saiba onde\" width=\"800\" height=\"450\" src=\"https:\/\/www.youtube.com\/embed\/o9h1rL8HS7Q?feature=oembed\" frameborder=\"0\" allow=\"accelerometer; autoplay; clipboard-write; encrypted-media; gyroscope; picture-in-picture; web-share\" referrerpolicy=\"strict-origin-when-cross-origin\" allowfullscreen><\/iframe><noscript><iframe title=\"Seca avan\u00e7a, &#039;castiga&#039; lavouras e dificulta avan\u00e7o da 2\u00aa safra; saiba onde\" width=\"800\" height=\"450\" src=\"https:\/\/www.youtube.com\/embed\/o9h1rL8HS7Q?feature=oembed\" frameborder=\"0\" allow=\"accelerometer; autoplay; clipboard-write; encrypted-media; gyroscope; picture-in-picture; web-share\" referrerpolicy=\"strict-origin-when-cross-origin\" allowfullscreen><\/iframe><\/noscript>\n<\/p>\n<\/figure>\n<ul class=\"wp-block-list\">\n<li><strong><em>Fique por dentro das novidades e not\u00edcias recentes sobre a soja! Participe da nossa comunidade atrav\u00e9s do\u00a0<a href=\"https:\/\/chat.whatsapp.com\/BmMRwA0TZ2DHGyhzoaVEWu\">link<\/a>! \ud83c\udf31<\/em><\/strong><\/li>\n<\/ul>\n<p>Por outro lado, estados do Norte como Roraima e Amap\u00e1 apresentam boa umidade do solo, favorecidos pela proximidade com a Zona de Converg\u00eancia Intertropical, que mant\u00e9m a capacidade h\u00eddrica da regi\u00e3o elevada. <\/p>\n<p>Na costa leste do Nordeste, produtores da regi\u00e3o Sealba (Sergipe, Alagoas e Bahia) tamb\u00e9m t\u00eam se beneficiado das chuvas, mantendo boas condi\u00e7\u00f5es para as lavouras.<\/p>\n<\/div>\n<div>\n<p>J\u00e1 no Sul do pa\u00eds, apesar do volume de \u00e1gua no solo ser menor em compara\u00e7\u00e3o com o in\u00edcio do inverno, o padr\u00e3o de umidade ainda \u00e9 considerado bom.<\/p>\n<h3 class=\"wp-block-heading\" id=\"h-previsao-do-tempo\">Previs\u00e3o do tempo <\/h3>\n<p>Nos pr\u00f3ximos dias, as regi\u00f5es mais afetadas pela seca, Centro-Oeste, Matopiba e Sudeste, devem continuar com tempo firme. A aus\u00eancia de chuvas, embora preocupante para a umidade do solo, permitir\u00e1 o avan\u00e7o das atividades de colheita e manejo agr\u00edcola nessas \u00e1reas, sem interrup\u00e7\u00f5es causadas pelo clima.<\/p>\n<p>J\u00e1 no Norte do pa\u00eds, na costa leste do Nordeste e no Sul, h\u00e1 previs\u00e3o de chuvas at\u00e9 o dia 19 de julho. Uma nova frente fria deve avan\u00e7ar entre quarta e quinta-feira, trazendo chuvas mais expressivas para o Sul, embora o sistema se afaste rapidamente da costa. \u00c0 medida que a frente fria sobe em dire\u00e7\u00e3o ao Sudeste, as precipita\u00e7\u00f5es tendem a ser menos intensas.<\/p>\n<p>Por fim, Esp\u00edrito Santo e o leste de Minas Gerais poder\u00e3o receber entre 10 e 15 mil\u00edmetros de chuva, volumes considerados baixos, mas que ainda podem trazer algum al\u00edvio pontual para \u00e1reas mais secas.<\/p>\n<\/p><\/div>\n<p><br \/>\n<br \/><a href=\"https:\/\/www.canalrural.com.br\/agricultura\/projeto-soja-brasil\/seca-avanca-castiga-lavouras-e-dificulta-avanco-da-2a-safra\/\">Source link <\/a><\/p>\n","protected":false},"excerpt":{"rendered":"<p>A umidade do solo permanece cr\u00edtica em grande parte do Brasil, especialmente nas regi\u00f5es produtoras do Matopiba, Mato Grosso, Goi\u00e1s<\/p>\n","protected":false},"author":1,"featured_media":16735,"comment_status":"open","ping_status":"open","sticky":false,"template":"","format":"standard","meta":{"_monsterinsights_skip_tracking":false,"_monsterinsights_sitenote_active":false,"_monsterinsights_sitenote_note":"","_monsterinsights_sitenote_category":0,"_uf_show_specific_survey":0,"_uf_disable_surveys":false,"footnotes":""},"categories":[1],"tags":[],"class_list":["post-16734","post","type-post","status-publish","format-standard","has-post-thumbnail","hentry","category-news"],"_links":{"self":[{"href":"https:\/\/agromt.news\/index.php?rest_route=\/wp\/v2\/posts\/16734"}],"collection":[{"href":"https:\/\/agromt.news\/index.php?rest_route=\/wp\/v2\/posts"}],"about":[{"href":"https:\/\/agromt.news\/index.php?rest_route=\/wp\/v2\/types\/post"}],"author":[{"embeddable":true,"href":"https:\/\/agromt.news\/index.php?rest_route=\/wp\/v2\/users\/1"}],"replies":[{"embeddable":true,"href":"https:\/\/agromt.news\/index.php?rest_route=%2Fwp%2Fv2%2Fcomments&post=16734"}],"version-history":[{"count":0,"href":"https:\/\/agromt.news\/index.php?rest_route=\/wp\/v2\/posts\/16734\/revisions"}],"wp:featuredmedia":[{"embeddable":true,"href":"https:\/\/agromt.news\/index.php?rest_route=\/wp\/v2\/media\/16735"}],"wp:attachment":[{"href":"https:\/\/agromt.news\/index.php?rest_route=%2Fwp%2Fv2%2Fmedia&parent=16734"}],"wp:term":[{"taxonomy":"category","embeddable":true,"href":"https:\/\/agromt.news\/index.php?rest_route=%2Fwp%2Fv2%2Fcategories&post=16734"},{"taxonomy":"post_tag","embeddable":true,"href":"https:\/\/agromt.news\/index.php?rest_route=%2Fwp%2Fv2%2Ftags&post=16734"}],"curies":[{"name":"wp","href":"https:\/\/api.w.org\/{rel}","templated":true}]}}