{"id":16731,"date":"2025-07-14T18:49:15","date_gmt":"2025-07-14T22:49:15","guid":{"rendered":"https:\/\/agromt.news\/?p=16731"},"modified":"2025-07-14T18:49:15","modified_gmt":"2025-07-14T22:49:15","slug":"incendio-de-grandes-proporcoes-atinge-silo-da-cotriba","status":"publish","type":"post","link":"https:\/\/agromt.news\/?p=16731","title":{"rendered":"Inc\u00eandio de grandes propor\u00e7\u00f5es atinge silo da Cotrib\u00e1"},"content":{"rendered":"<p> <br \/>\n<\/p>\n<div>\n<div class=\"row\">\n<div class=\"col-lg col-infos mt-0 mt-lg-0\">\n<div class=\"section-sub-title\">\n<p itemprop=\"description\">&#13;<br \/>\n                                Fogo iniciou na noite de sexta-feira (11)&#13;\n                            <\/p>\n<\/p><\/div>\n<div class=\"container\">\n<div class=\"row\">\n<div class=\"col-lg p-0\">\n<div>\n<div class=\"block-news-main-infos mt-3 text-start\">\n<p>                                            <strong class=\"fn\" itemprop=\"author\" style=\"color: rgb(112, 112, 112); \">&#13;<br \/>\n                                                <a href=\"https:\/\/www.agrolink.com.br\/noticias\/javascript:;\" class=\"text-uppercase\" target=\"_blank\" style=\"color: rgb(112, 112, 112); \" rel=\"noopener\">Agrolink<\/a>&#13;<br \/>\n&#13;<br \/>\n                                                    &#8211; Aline Merladete&#13;<br \/>\n&#13;<br \/>\n                                            <\/strong><br \/>\n                                        <\/p>\n<p>                                            <abbr><time datetime=\"2025-07-13T19:32\" itemprop=\"datePublished dateModified\">Publicado em 13\/07\/2025 \u00e0s 19:32h.<\/time><\/abbr><br \/>\n                                            <\/p><\/div>\n<\/p><\/div>\n<\/p><\/div>\n<div class=\"col-lg p-0 text-lg-end\">\n<div>\n<div id=\"mdEnviarPagina\" class=\"modal fade\" role=\"dialog\">\n<div class=\"modal-dialog\">\n<div class=\"modal-content\">\n<div class=\"modal-body\">\n<p><strong>Estimado usu\u00e1rio.<\/strong><br \/>Preencha o formul\u00e1rio abaixo para remeter a p\u00e1gina.<\/p>\n<\/p><\/div>\n<\/p><\/div>\n<\/p><\/div>\n<\/div><\/div>\n<\/p><\/div>\n<\/p><\/div>\n<\/p><\/div>\n<\/p><\/div>\n<\/p><\/div>\n<div class=\"row justify-content-md-center mt-3\">\n<div class=\"col-lg-auto col-image block-news-main-image\">\n<p>                                <img decoding=\"async\" src=\"https:\/\/www.agrolink.com.br\/upload\/imagens-resizes\/3aed14b9b7b9433394c6635414e7f468_858x483.jpg\" class=\"lazyload img-fluid\"\/><br \/>\n                                                <span class=\"publicity-photo d-block mt-1\">Foto: Reprodu\u00e7\u00e3o<\/span><\/p><\/div>\n<\/p><\/div>\n<div class=\"section-description section-description-noticias mt-3\">\n<p style=\"text-align:justify\">Um inc\u00eandio de grandes propor\u00e7\u00f5es atinge, desde a noite de sexta-feira (11), um silo de gr\u00e3os localizado pr\u00f3ximo \u00e0 BR-116, a poucos quil\u00f4metros do centro de Arroio Grande, no sul do Rio Grande do Sul. As chamas permanecem ativas e j\u00e1 causaram o desabamento parcial do teto da estrutura.&#13;\n<\/p>\n<p style=\"text-align:justify\">A \u00e1rea permanece isolada por risco de colapso, e os trabalhos de combate seguem intensos. Equipes continuam atuando na tentativa de conter o fogo, enquanto toneladas de soja armazenadas no local precisam ser removidas para que o inc\u00eandio possa ser completamente extinto.&#13;\n<\/p>\n<p style=\"text-align:justify\">Mesmo ap\u00f3s mais de 48 horas, a fuma\u00e7a continua densa e j\u00e1 \u00e9 percebida na \u00e1rea urbana da cidade. A inala\u00e7\u00e3o da fuma\u00e7a pode causar irrita\u00e7\u00e3o nos olhos, nariz e garganta, al\u00e9m de agravar problemas respirat\u00f3rios em pessoas sens\u00edveis.<\/p>\n<p style=\"text-align:justify\">Mangueiras foram posicionadas estrategicamente em estruturas pr\u00f3ximas para levar \u00e1gua diretamente ao foco do inc\u00eandio, o que possibilitou avan\u00e7os no controle das chamas. No entanto, a expectativa \u00e9 de que os trabalhos se estendam pelos pr\u00f3ximos dias.&#13;\n<\/p>\n<p style=\"text-align:justify\">\u00a0<\/p>\n<\/p><\/div>\n<\/p><\/div>\n<p><script data-cfasync=\"false\">\n    !function (f, b, e, v, n, t, s) {\n        if (f.fbq) return; n = f.fbq = function () {\n            n.callMethod ?\n                n.callMethod.apply(n, arguments) : n.queue.push(arguments)\n        };\n        if (!f._fbq) f._fbq = n; n.push = n; n.loaded = !0; n.version = '2.0';\n        n.queue = []; t = b.createElement(e); t.async = !0;\n        t.src = v; s = b.getElementsByTagName(e)[0];\n        s.parentNode.insertBefore(t, s)\n    }(window, document, 'script',\n        'https:\/\/connect.facebook.net\/en_US\/fbevents.js');\n    fbq('init', '522546078623747');\n    fbq('track', 'PageView');\n<\/script><br \/>\n<br \/><br \/>\n<br \/><a href=\"https:\/\/www.agrolink.com.br\/noticias\/incendio-de-grandes-proporcoes-atinge-silo-da-cotriba_503862.html\">Source link <\/a><\/p>\n","protected":false},"excerpt":{"rendered":"<p>&#13; Fogo iniciou na noite de sexta-feira (11)&#13; &#13; Agrolink&#13; &#13; &#8211; Aline Merladete&#13; &#13; Publicado em 13\/07\/2025 \u00e0s 19:32h.<\/p>\n","protected":false},"author":1,"featured_media":16732,"comment_status":"open","ping_status":"open","sticky":false,"template":"","format":"standard","meta":{"_monsterinsights_skip_tracking":false,"_monsterinsights_sitenote_active":false,"_monsterinsights_sitenote_note":"","_monsterinsights_sitenote_category":0,"_uf_show_specific_survey":0,"_uf_disable_surveys":false,"footnotes":""},"categories":[8,1,14],"tags":[],"class_list":["post-16731","post","type-post","status-publish","format-standard","has-post-thumbnail","hentry","category-agro","category-news","category-politica-agro"],"_links":{"self":[{"href":"https:\/\/agromt.news\/index.php?rest_route=\/wp\/v2\/posts\/16731"}],"collection":[{"href":"https:\/\/agromt.news\/index.php?rest_route=\/wp\/v2\/posts"}],"about":[{"href":"https:\/\/agromt.news\/index.php?rest_route=\/wp\/v2\/types\/post"}],"author":[{"embeddable":true,"href":"https:\/\/agromt.news\/index.php?rest_route=\/wp\/v2\/users\/1"}],"replies":[{"embeddable":true,"href":"https:\/\/agromt.news\/index.php?rest_route=%2Fwp%2Fv2%2Fcomments&post=16731"}],"version-history":[{"count":0,"href":"https:\/\/agromt.news\/index.php?rest_route=\/wp\/v2\/posts\/16731\/revisions"}],"wp:featuredmedia":[{"embeddable":true,"href":"https:\/\/agromt.news\/index.php?rest_route=\/wp\/v2\/media\/16732"}],"wp:attachment":[{"href":"https:\/\/agromt.news\/index.php?rest_route=%2Fwp%2Fv2%2Fmedia&parent=16731"}],"wp:term":[{"taxonomy":"category","embeddable":true,"href":"https:\/\/agromt.news\/index.php?rest_route=%2Fwp%2Fv2%2Fcategories&post=16731"},{"taxonomy":"post_tag","embeddable":true,"href":"https:\/\/agromt.news\/index.php?rest_route=%2Fwp%2Fv2%2Ftags&post=16731"}],"curies":[{"name":"wp","href":"https:\/\/api.w.org\/{rel}","templated":true}]}}