{"id":16726,"date":"2025-07-14T18:04:54","date_gmt":"2025-07-14T22:04:54","guid":{"rendered":"https:\/\/agromt.news\/?p=16726"},"modified":"2025-07-14T18:04:54","modified_gmt":"2025-07-14T22:04:54","slug":"mato-grosso-se-consolida-como-potencia-global-na-venda-de-carne-bovina-com","status":"publish","type":"post","link":"https:\/\/agromt.news\/?p=16726","title":{"rendered":"Mato Grosso se consolida como pot\u00eancia global na venda de carne bovina, com&#8230;"},"content":{"rendered":"<p> <br \/>\n<\/p>\n<div>\n<p>Mato Grosso \u00e9 respons\u00e1vel por aproximadamente 3% das exporta\u00e7\u00f5es globais de carne bovina. Se fosse um pa\u00eds, ocuparia a 9\u00aa posi\u00e7\u00e3o no ranking mundial de exportadores, segundo dados do Servi\u00e7o de Inspe\u00e7\u00e3o Federal (SIF) e do Departamento de Agricultura dos Estados Unidos (USDA).<\/p>\n<p>Em 2024, o estado produziu 1,7 milh\u00e3o de toneladas de carne bovina, liderando o ranking nacional com 17,1% da produ\u00e7\u00e3o brasileira. Foram abatidos 6,6 milh\u00f5es de animais no per\u00edodo, consolidando a lideran\u00e7a de Mato Grosso como maior produtor da prote\u00edna animal no Brasil.<\/p>\n<p>\u201cMato Grosso \u00e9 um importante polo de produ\u00e7\u00e3o de carne bovina e tem ganhado destaque no mercado internacional n\u00e3o apenas pelo volume de carne in natura, mas tamb\u00e9m pela exporta\u00e7\u00e3o de mi\u00fados e subprodutos de origem animal. O crescimento cont\u00ednuo das exporta\u00e7\u00f5es nos \u00faltimos anos tem deixado o setor cada vez mais otimista\u201d, avalia o diretor de Projetos do Instituto Mato-grossense da Carne (Imac), Bruno de Jesus Andrade.<\/p>\n<p>Em 2025, o ritmo de produ\u00e7\u00e3o segue aquecido, com perspectivas de abertura de novos mercados. De janeiro a maio, o estado j\u00e1 abateu 7,3 milh\u00f5es de bois, com destaque para o m\u00eas de maio, quando mais de 553,2 mil cabe\u00e7as foram processadas.<\/p>\n<p>Entre os fatores que sustentam o otimismo do setor est\u00e1 a recente autoriza\u00e7\u00e3o, concedida em junho, para a exporta\u00e7\u00e3o de subprodutos de origem animal destinados \u00e0 fabrica\u00e7\u00e3o de extratos para uso farmac\u00eautico aos pa\u00edses da Uni\u00e3o Econ\u00f4mica Euroasi\u00e1tica.<\/p>\n<p>De acordo com o Minist\u00e9rio da Agricultura e Pecu\u00e1ria (Mapa), R\u00fassia, Cazaquist\u00e3o, Belarus, Arm\u00eania e Quirguist\u00e3o passam agora a importar itens como retina, pr\u00f3stata, cartilagem escapular, ov\u00e1rios e gl\u00e2ndulas do timo de bovinos brasileiros.<\/p>\n<p>\u201cA Uni\u00e3o Econ\u00f4mica Euroasi\u00e1tica representa um mercado de 185 milh\u00f5es de habitantes e tem ampliado sua demanda por insumos farmac\u00eauticos de origem animal. Essa nova autoriza\u00e7\u00e3o faz parte da estrat\u00e9gia de diversifica\u00e7\u00e3o da pauta exportadora, com o objetivo de reduzir a depend\u00eancia de poucos pa\u00edses compradores e ampliar o alcance global dos nossos produtos\u201d, refor\u00e7a o diretor do Imac.<\/p>\n<\/p><\/div>\n<p><script async defer src=\"https:\/\/connect.facebook.net\/en_US\/sdk.js\"><\/script><script>\n  !function(f,b,e,v,n,t,s)\n  {if(f.fbq)return;n=f.fbq=function(){n.callMethod?\n    n.callMethod.apply(n,arguments):n.queue.push(arguments)};\n    if(!f._fbq)f._fbq=n;n.push=n;n.loaded=!0;n.version='2.0';\n    n.queue=[];t=b.createElement(e);t.async=!0;\n    t.src=v;s=b.getElementsByTagName(e)[0];\n    s.parentNode.insertBefore(t,s)}(window, document,'script',\n    'https:\/\/connect.facebook.net\/en_US\/fbevents.js');\n  fbq('init', '153495679422335');\n  fbq('track', 'PageView');\n<\/script><br \/>\n<br \/><br \/>\n<br \/><a href=\"https:\/\/www.noticiasagricolas.com.br\/noticias\/boi\/403248-mato-grosso-se-consolida-como-potencia-global-na-venda-de-carne-bovina-com-3-das-exportacoes-mundiais-da-proteina.html\">Source link <\/a><\/p>\n","protected":false},"excerpt":{"rendered":"<p>Mato Grosso \u00e9 respons\u00e1vel por aproximadamente 3% das exporta\u00e7\u00f5es globais de carne bovina. Se fosse um pa\u00eds, ocuparia a 9\u00aa<\/p>\n","protected":false},"author":1,"featured_media":16727,"comment_status":"open","ping_status":"open","sticky":false,"template":"","format":"standard","meta":{"_monsterinsights_skip_tracking":false,"_monsterinsights_sitenote_active":false,"_monsterinsights_sitenote_note":"","_monsterinsights_sitenote_category":0,"_uf_show_specific_survey":0,"_uf_disable_surveys":false,"footnotes":""},"categories":[8,1,14,16],"tags":[],"class_list":["post-16726","post","type-post","status-publish","format-standard","has-post-thumbnail","hentry","category-agro","category-news","category-politica-agro","category-safra"],"_links":{"self":[{"href":"https:\/\/agromt.news\/index.php?rest_route=\/wp\/v2\/posts\/16726"}],"collection":[{"href":"https:\/\/agromt.news\/index.php?rest_route=\/wp\/v2\/posts"}],"about":[{"href":"https:\/\/agromt.news\/index.php?rest_route=\/wp\/v2\/types\/post"}],"author":[{"embeddable":true,"href":"https:\/\/agromt.news\/index.php?rest_route=\/wp\/v2\/users\/1"}],"replies":[{"embeddable":true,"href":"https:\/\/agromt.news\/index.php?rest_route=%2Fwp%2Fv2%2Fcomments&post=16726"}],"version-history":[{"count":0,"href":"https:\/\/agromt.news\/index.php?rest_route=\/wp\/v2\/posts\/16726\/revisions"}],"wp:featuredmedia":[{"embeddable":true,"href":"https:\/\/agromt.news\/index.php?rest_route=\/wp\/v2\/media\/16727"}],"wp:attachment":[{"href":"https:\/\/agromt.news\/index.php?rest_route=%2Fwp%2Fv2%2Fmedia&parent=16726"}],"wp:term":[{"taxonomy":"category","embeddable":true,"href":"https:\/\/agromt.news\/index.php?rest_route=%2Fwp%2Fv2%2Fcategories&post=16726"},{"taxonomy":"post_tag","embeddable":true,"href":"https:\/\/agromt.news\/index.php?rest_route=%2Fwp%2Fv2%2Ftags&post=16726"}],"curies":[{"name":"wp","href":"https:\/\/api.w.org\/{rel}","templated":true}]}}