{"id":16724,"date":"2025-07-14T17:56:39","date_gmt":"2025-07-14T21:56:39","guid":{"rendered":"https:\/\/agromt.news\/?p=16724"},"modified":"2025-07-14T17:56:39","modified_gmt":"2025-07-14T21:56:39","slug":"mercosoja-2025-debate-logistica-e-propriedade-intelectual-da-soja","status":"publish","type":"post","link":"https:\/\/agromt.news\/?p=16724","title":{"rendered":"Mercosoja 2025 debate log\u00edstica e propriedade intelectual da soja"},"content":{"rendered":"<p> <br \/>\n<br \/><img decoding=\"async\" src=\"https:\/\/agromt.news\/wp-content\/uploads\/2025\/07\/Mercosoja-2025-debate-logistica-e-propriedade-intelectual-da-soja.jpg\" \/><\/p>\n<div>\n<p>Os <a href=\"https:\/\/www.canalrural.com.br\/?s=produ%C3%A7%C3%A3o+de+soja\">desafios <\/a>da produ\u00e7\u00e3o e exporta\u00e7\u00e3o de soja no Mercosul (Brasil, Argentina, Paraguai e Uruguai) estar\u00e3o em pauta no X <a href=\"https:\/\/www.canalrural.com.br\/agricultura\/projeto-soja-brasil\/cbsoja-2025-discute-os-100-anos-da-soja-no-brasil\/\">CBSoja<\/a> e Mercosoja 2025, de 21 a 24 de julho de 2025, em Campinas (SP). Os debates v\u00e3o abordar log\u00edstica, biotecnologia e propriedade intelectual, com foco no impacto do mercado informal de sementes. As inscri\u00e7\u00f5es podem ser feitas\u00a0<a href=\"https:\/\/cbsoja.com.br\/inscricao\">aqui<\/a>.<\/p>\n<ul class=\"wp-block-list\">\n<li><strong><em>Fique por dentro das novidades e not\u00edcias recentes sobre a soja! Participe da nossa comunidade atrav\u00e9s do\u00a0<a href=\"https:\/\/chat.whatsapp.com\/BmMRwA0TZ2DHGyhzoaVEWu\">link<\/a><\/em><\/strong>!<\/li>\n<\/ul>\n<h2 class=\"wp-block-heading\" id=\"h-programacao\">Programa\u00e7\u00e3o<\/h2>\n<p>Na ter\u00e7a-feira (22), das 17h \u00e0s 18h30, ocorre o painel \u201cDesafios log\u00edsticos para a exporta\u00e7\u00e3o de soja no Mercosul\u201d, que discutir\u00e1 gargalos nos pa\u00edses produtores. Destaques incluem palestra sobre hidrovias com Luis Zubizarreta (ACSoja), al\u00e9m de apresenta\u00e7\u00f5es sobre armazenamento de gr\u00e3os e corredores log\u00edsticos com Edenilson Oliveira (Coamo). A media\u00e7\u00e3o ser\u00e1 de Marcelo Alvares de Oliveira (Embrapa Soja).<\/p>\n<p>Segundo Fernando Henning, presidente do CBSoja, o painel mostrar\u00e1 o panorama atual do transporte de cargas, melhorias em portos e investimentos em ferrovias e hidrovias. Haver\u00e1 ainda discuss\u00f5es sobre a automatiza\u00e7\u00e3o log\u00edstica na Bacia do Prata.<\/p>\n<p>Na quarta-feira (23), das 17h \u00e0s 18h, o painel \u201cBiotecnologia e propriedade intelectual no Mercosul\u201d ser\u00e1 moderado por Alexandre Nepomuceno (Embrapa Soja). Vivian Nascimento (Bayer) falar\u00e1 sobre inova\u00e7\u00f5es e prote\u00e7\u00e3o intelectual, e Mariano Bulos (The + Company) apresentar\u00e1 tecnologias moleculares de rastreabilidade.<\/p>\n<\/div>\n<div>\n<p>Dados da Abrasem apontam que 30% das sementes usadas no Brasil n\u00e3o s\u00e3o certificadas, o que, segundo Henning, representa risco fitossanit\u00e1rio e impacto econ\u00f4mico estimado em R$ 10 bilh\u00f5es anuais, reduzindo investimentos em pesquisa e inova\u00e7\u00e3o.<\/p>\n<h2 class=\"wp-block-heading\" id=\"h-cbsoja-e-mercosoja-2025\"><strong>CBSoja e Mercosoja 2025<\/strong><\/h2>\n<p>Comemorando os 50 anos da Embrapa Soja, o evento traz o tema \u201c100 anos de soja no Brasil: pilares para o amanh\u00e3\u201d. A expectativa \u00e9 reunir cerca de 2 mil participantes. Ser\u00e3o 4 confer\u00eancias, 15 pain\u00e9is e mais de 50 palestras com especialistas nacionais e internacionais. Ao todo, 328 trabalhos foram aprovados para apresenta\u00e7\u00e3o em p\u00f4ster.<\/p>\n<p>O evento contar\u00e1 tamb\u00e9m com o workshop internacional Soybean2035, que debater\u00e1 o futuro da biotecnologia na soja com pesquisadores do Brasil, EUA, China e Canad\u00e1.<\/p>\n<h2 class=\"wp-block-heading\" id=\"h-arena-de-inovacao\"><strong>Arena de inova\u00e7\u00e3o<\/strong><\/h2>\n<p>A Arena de inova\u00e7\u00e3o \u00e9 um espa\u00e7o para a realiza\u00e7\u00e3o dos lan\u00e7amentos, apresenta\u00e7\u00e3o de trabalhos t\u00e9cnicos de destaque e inova\u00e7\u00f5es propostas pelo mercado. Mais de 40 expositores participantes do evento<\/p>\n<\/p><\/div>\n<p><br \/>\n<br \/><a href=\"https:\/\/www.canalrural.com.br\/agricultura\/projeto-soja-brasil\/mercosoja-2025-debate-logistica-e-propriedade-intelectual-da-soja\/\">Source link <\/a><\/p>\n","protected":false},"excerpt":{"rendered":"<p>Os desafios da produ\u00e7\u00e3o e exporta\u00e7\u00e3o de soja no Mercosul (Brasil, Argentina, Paraguai e Uruguai) estar\u00e3o em pauta no X<\/p>\n","protected":false},"author":1,"featured_media":16725,"comment_status":"open","ping_status":"open","sticky":false,"template":"","format":"standard","meta":{"_monsterinsights_skip_tracking":false,"_monsterinsights_sitenote_active":false,"_monsterinsights_sitenote_note":"","_monsterinsights_sitenote_category":0,"_uf_show_specific_survey":0,"_uf_disable_surveys":false,"footnotes":""},"categories":[1],"tags":[],"class_list":["post-16724","post","type-post","status-publish","format-standard","has-post-thumbnail","hentry","category-news"],"_links":{"self":[{"href":"https:\/\/agromt.news\/index.php?rest_route=\/wp\/v2\/posts\/16724"}],"collection":[{"href":"https:\/\/agromt.news\/index.php?rest_route=\/wp\/v2\/posts"}],"about":[{"href":"https:\/\/agromt.news\/index.php?rest_route=\/wp\/v2\/types\/post"}],"author":[{"embeddable":true,"href":"https:\/\/agromt.news\/index.php?rest_route=\/wp\/v2\/users\/1"}],"replies":[{"embeddable":true,"href":"https:\/\/agromt.news\/index.php?rest_route=%2Fwp%2Fv2%2Fcomments&post=16724"}],"version-history":[{"count":0,"href":"https:\/\/agromt.news\/index.php?rest_route=\/wp\/v2\/posts\/16724\/revisions"}],"wp:featuredmedia":[{"embeddable":true,"href":"https:\/\/agromt.news\/index.php?rest_route=\/wp\/v2\/media\/16725"}],"wp:attachment":[{"href":"https:\/\/agromt.news\/index.php?rest_route=%2Fwp%2Fv2%2Fmedia&parent=16724"}],"wp:term":[{"taxonomy":"category","embeddable":true,"href":"https:\/\/agromt.news\/index.php?rest_route=%2Fwp%2Fv2%2Fcategories&post=16724"},{"taxonomy":"post_tag","embeddable":true,"href":"https:\/\/agromt.news\/index.php?rest_route=%2Fwp%2Fv2%2Ftags&post=16724"}],"curies":[{"name":"wp","href":"https:\/\/api.w.org\/{rel}","templated":true}]}}