{"id":16720,"date":"2025-07-14T17:10:46","date_gmt":"2025-07-14T21:10:46","guid":{"rendered":"https:\/\/agromt.news\/?p=16720"},"modified":"2025-07-14T17:10:46","modified_gmt":"2025-07-14T21:10:46","slug":"apos-tarifaco-de-trump-exportador-tem-venda-de-toneladas-de-mel-cancelada","status":"publish","type":"post","link":"https:\/\/agromt.news\/?p=16720","title":{"rendered":"Ap\u00f3s tarifa\u00e7o de Trump, exportador tem venda de toneladas de mel cancelada"},"content":{"rendered":"<p> <br \/>\n<br \/><img decoding=\"async\" src=\"https:\/\/agromt.news\/wp-content\/uploads\/2025\/04\/Governo-estuda-melhorias-no-servico-de-inspecao-de-produtos-de.jpg\" \/><\/p>\n<div>\n<p>O Grupo Sama, uma dos maiores exportadores de mel org\u00e2nico do mundo, teve a venda de 585 toneladas de mel cancelada por causa do <a href=\"https:\/\/www.canalrural.com.br\/nacional\/trump-anuncia-tarifa-de-50-para-produtos-do-brasil\/\">tarifa\u00e7o de exporta\u00e7\u00f5es brasileiras anunciado por Trump na \u00faltima quarta-feira (9)<\/a>. Segundo informa\u00e7\u00f5es do G1, parte desta carga j\u00e1 estava no porto pronta para o envio. <\/p>\n<p>Fundado h\u00e1 28 anos em Oeiras (PI), o Grupo Sama \u00e9 respons\u00e1vel pela compra da produ\u00e7\u00e3o de mais de 12 mil micro e pequenos produtores de mel do Nordeste, principalmente dos estados do Piau\u00ed, Cear\u00e1, Maranh\u00e3o e Bahia.<\/p>\n<p>De acordo com a empresa, a nova tarifa aumentar\u00e1 o custo da carga em cerca de US$ 6 milh\u00f5es, causando impacto no valor final do produto vendido nos EUA. Com o cancelamento da carga, o produto fica acumulado e gera custo de armazenamento, j\u00e1 que precisa ser guardado em c\u00e2maras refrigeradas, com temperatura controlada.<\/p>\n<\/div>\n<div>\n<h2 class=\"wp-block-heading\" id=\"h-recuo\">Recuo<\/h2>\n<p>Al\u00e9m do Grupo Sama, outro exportador de mel do Piau\u00ed teve problemas em rela\u00e7\u00e3o ao cancelamento de compras por parte de clientes americanos. A Central de Cooperativas Ap\u00edcolas do Semi\u00e1rido Brasileiro teve uma venda de 95 toneladas de mel cancelada na sexta-feira (11). Os compradores temiam que o produto chegasse ao pa\u00eds j\u00e1 sob a vig\u00eancia da taxa de 50%. <\/p>\n<p>No entanto, ap\u00f3s apelo feito pelos produtores aos clientes americanos, os cont\u00eaineres que j\u00e1 estavam no Porto do Pec\u00e9m, em S\u00e3o Gon\u00e7alo do Amarante (CE) foram embarcados para os EUA.<\/p>\n<p>De acordo com a Associa\u00e7\u00e3o Brasileira de Exportadores de Mel, cerca de 80 % do mel org\u00e2nico produzido no Brasil \u00e9 exportado para os EUA. O Piau\u00ed \u00e9 o segundo maior produtor do pa\u00eds e exporta mais de R$ 100 milh\u00f5es por ano do produto, segundo dados do Governo do Piau\u00ed.<\/p>\n<\/p><\/div>\n<p><br \/>\n<br \/><a href=\"https:\/\/www.canalrural.com.br\/agricultura\/apos-tarifaco-de-trump-exportador-tem-venda-de-toneladas-de-mel-cancelada\/\">Source link <\/a><\/p>\n","protected":false},"excerpt":{"rendered":"<p>O Grupo Sama, uma dos maiores exportadores de mel org\u00e2nico do mundo, teve a venda de 585 toneladas de mel<\/p>\n","protected":false},"author":1,"featured_media":12636,"comment_status":"open","ping_status":"open","sticky":false,"template":"","format":"standard","meta":{"_monsterinsights_skip_tracking":false,"_monsterinsights_sitenote_active":false,"_monsterinsights_sitenote_note":"","_monsterinsights_sitenote_category":0,"_uf_show_specific_survey":0,"_uf_disable_surveys":false,"footnotes":""},"categories":[1],"tags":[],"class_list":["post-16720","post","type-post","status-publish","format-standard","has-post-thumbnail","hentry","category-news"],"_links":{"self":[{"href":"https:\/\/agromt.news\/index.php?rest_route=\/wp\/v2\/posts\/16720"}],"collection":[{"href":"https:\/\/agromt.news\/index.php?rest_route=\/wp\/v2\/posts"}],"about":[{"href":"https:\/\/agromt.news\/index.php?rest_route=\/wp\/v2\/types\/post"}],"author":[{"embeddable":true,"href":"https:\/\/agromt.news\/index.php?rest_route=\/wp\/v2\/users\/1"}],"replies":[{"embeddable":true,"href":"https:\/\/agromt.news\/index.php?rest_route=%2Fwp%2Fv2%2Fcomments&post=16720"}],"version-history":[{"count":0,"href":"https:\/\/agromt.news\/index.php?rest_route=\/wp\/v2\/posts\/16720\/revisions"}],"wp:featuredmedia":[{"embeddable":true,"href":"https:\/\/agromt.news\/index.php?rest_route=\/wp\/v2\/media\/12636"}],"wp:attachment":[{"href":"https:\/\/agromt.news\/index.php?rest_route=%2Fwp%2Fv2%2Fmedia&parent=16720"}],"wp:term":[{"taxonomy":"category","embeddable":true,"href":"https:\/\/agromt.news\/index.php?rest_route=%2Fwp%2Fv2%2Fcategories&post=16720"},{"taxonomy":"post_tag","embeddable":true,"href":"https:\/\/agromt.news\/index.php?rest_route=%2Fwp%2Fv2%2Ftags&post=16720"}],"curies":[{"name":"wp","href":"https:\/\/api.w.org\/{rel}","templated":true}]}}