{"id":16718,"date":"2025-07-14T16:55:56","date_gmt":"2025-07-14T20:55:56","guid":{"rendered":"https:\/\/agromt.news\/?p=16718"},"modified":"2025-07-14T16:55:56","modified_gmt":"2025-07-14T20:55:56","slug":"fazendas-verticais-inovacao-leva-o-campo-para-o-coracao-das-cidades","status":"publish","type":"post","link":"https:\/\/agromt.news\/?p=16718","title":{"rendered":"Fazendas verticais: Inova\u00e7\u00e3o leva o campo para o cora\u00e7\u00e3o das cidades"},"content":{"rendered":"<p> <br \/>\n<br \/><img decoding=\"async\" src=\"https:\/\/agromt.news\/wp-content\/uploads\/2025\/07\/Fazendas-verticais-Inovacao-leva-o-campo-para-o-coracao-das.jpg\" \/><\/p>\n<div>\n<p>As fazendas verticais urbanas j\u00e1 s\u00e3o uma realidade e v\u00eam transformando o modo como os alimentos s\u00e3o produzidos nas grandes cidades. Diferente do cultivo tradicional, elas funcionam em ambientes fechados e totalmente controlados, dentro de galp\u00f5es ou at\u00e9 pr\u00e9dios, onde n\u00e3o \u00e9 preciso contar com sol, solo f\u00e9rtil ou grandes volumes de \u00e1gua.\u00a0<\/p>\n<p>Ilumina\u00e7\u00e3o de LED, sistemas hidrop\u00f4nicos ou aerop\u00f4nicos e softwares de monitoramento garantem que cada etapa, do plantio \u00e0 colheita, ocorra com alta precis\u00e3o.<\/p>\n<p>Essa tecnologia permite que o cultivo aconte\u00e7a em qualquer lugar, independentemente do clima ou da esta\u00e7\u00e3o do ano. As fazendas verticais usam at\u00e9 95% menos \u00e1gua do que os m\u00e9todos convencionais, dispensam defensivos qu\u00edmicos e s\u00e3o altamente eficientes no consumo de energia.\u00a0<\/p>\n<p>Al\u00e9m disso, como ocupam pouco espa\u00e7o, podem ser instaladas pr\u00f3ximas aos centros urbanos, reduzindo tamb\u00e9m o custo e a pegada ambiental do transporte.<\/p>\n<\/div>\n<div>\n<p>Hoje, \u00e9 poss\u00edvel encontrar nessas estruturas o cultivo de hortali\u00e7as como alface, r\u00facula e manjeric\u00e3o, al\u00e9m de frutas como tomate e morango. A ci\u00eancia, por\u00e9m, continua avan\u00e7ando: j\u00e1 existem experimentos para produzir at\u00e9 variedades de arroz em fazendas verticais, o que pode ampliar ainda mais a lista de alimentos cultivados de forma sustent\u00e1vel.<\/p>\n<p>No Brasil, o exemplo mais emblem\u00e1tico \u00e9 o da Pink Farms, localizada na cidade de S\u00e3o Paulo. Considerada a maior fazenda vertical da Am\u00e9rica Latina, a empresa mostra que \u00e9 poss\u00edvel unir tecnologia, sustentabilidade e produ\u00e7\u00e3o de alimentos frescos mesmo no cora\u00e7\u00e3o de uma metr\u00f3pole.<\/p>\n<p>Quer ver como tudo isso funciona na pr\u00e1tica? Ent\u00e3o confira o conte\u00fado abaixo no <strong>Instagram do Planeta Campo<\/strong>!<\/p>\n<figure class=\"wp-block-embed is-type-rich is-provider-instagram wp-block-embed-instagram\">\n<p><iframe title=\"Instagram frame\" loading=\"lazy\" height=\"628\" class=\"instagram-embed-iframe\" src=\"https:\/\/www.canalrural.com.br\/sustentabilidade\/fazendas-verticais-inovacao-leva-o-campo-para-o-coracao-das-cidades\/about:blank\" allowtransparency=\"true\" frameborder=\"0\" scrolling=\"no\" onload=\"(function(o){window.instagramIframe = window.instagramIframe || []; window.instagramIframe.push(o);})(this)\" style=\"border: 0px; margin: 0 auto; max-width: 658px; width: calc(100% - 2px); border-radius: 4px; box-shadow: rgba(0, 0, 0, 0.498039) 0px 0px 1px 0px, rgba(0, 0, 0, 0.14902) 0px 1px 10px 0px; display: block; padding: 0px; background: rgb(255, 255, 255);\" data-rocket-lazyload=\"fitvidscompatible\" data-lazy-src=\"https:\/\/www.instagram.com\/reel\/DL-wC2qyW5n\/embed\/\"><\/iframe><noscript><iframe title=\"Instagram frame\" loading=\"lazy\" height=\"628\" class=\"instagram-embed-iframe\" src=\"https:\/\/www.instagram.com\/reel\/DL-wC2qyW5n\/embed\/\" allowtransparency=\"true\" frameborder=\"0\" scrolling=\"no\" onload=\"(function(o){window.instagramIframe = window.instagramIframe || []; window.instagramIframe.push(o);})(this)\" style=\"border: 0px; margin: 0 auto; max-width: 658px; width: calc(100% - 2px); border-radius: 4px; box-shadow: rgba(0, 0, 0, 0.498039) 0px 0px 1px 0px, rgba(0, 0, 0, 0.14902) 0px 1px 10px 0px; display: block; padding: 0px; background: rgb(255, 255, 255);\"><\/iframe><\/noscript><\/p>\n<\/figure><\/div>\n<p><script async src=\"\/\/www.instagram.com\/embed.js\"><\/script><br \/>\n<br \/><br \/>\n<br \/><a href=\"https:\/\/www.canalrural.com.br\/sustentabilidade\/fazendas-verticais-inovacao-leva-o-campo-para-o-coracao-das-cidades\/\">Source link <\/a><\/p>\n","protected":false},"excerpt":{"rendered":"<p>As fazendas verticais urbanas j\u00e1 s\u00e3o uma realidade e v\u00eam transformando o modo como os alimentos s\u00e3o produzidos nas grandes<\/p>\n","protected":false},"author":1,"featured_media":16719,"comment_status":"open","ping_status":"open","sticky":false,"template":"","format":"standard","meta":{"_monsterinsights_skip_tracking":false,"_monsterinsights_sitenote_active":false,"_monsterinsights_sitenote_note":"","_monsterinsights_sitenote_category":0,"_uf_show_specific_survey":0,"_uf_disable_surveys":false,"footnotes":""},"categories":[1],"tags":[],"class_list":["post-16718","post","type-post","status-publish","format-standard","has-post-thumbnail","hentry","category-news"],"_links":{"self":[{"href":"https:\/\/agromt.news\/index.php?rest_route=\/wp\/v2\/posts\/16718"}],"collection":[{"href":"https:\/\/agromt.news\/index.php?rest_route=\/wp\/v2\/posts"}],"about":[{"href":"https:\/\/agromt.news\/index.php?rest_route=\/wp\/v2\/types\/post"}],"author":[{"embeddable":true,"href":"https:\/\/agromt.news\/index.php?rest_route=\/wp\/v2\/users\/1"}],"replies":[{"embeddable":true,"href":"https:\/\/agromt.news\/index.php?rest_route=%2Fwp%2Fv2%2Fcomments&post=16718"}],"version-history":[{"count":0,"href":"https:\/\/agromt.news\/index.php?rest_route=\/wp\/v2\/posts\/16718\/revisions"}],"wp:featuredmedia":[{"embeddable":true,"href":"https:\/\/agromt.news\/index.php?rest_route=\/wp\/v2\/media\/16719"}],"wp:attachment":[{"href":"https:\/\/agromt.news\/index.php?rest_route=%2Fwp%2Fv2%2Fmedia&parent=16718"}],"wp:term":[{"taxonomy":"category","embeddable":true,"href":"https:\/\/agromt.news\/index.php?rest_route=%2Fwp%2Fv2%2Fcategories&post=16718"},{"taxonomy":"post_tag","embeddable":true,"href":"https:\/\/agromt.news\/index.php?rest_route=%2Fwp%2Fv2%2Ftags&post=16718"}],"curies":[{"name":"wp","href":"https:\/\/api.w.org\/{rel}","templated":true}]}}