{"id":16717,"date":"2025-07-14T16:51:50","date_gmt":"2025-07-14T20:51:50","guid":{"rendered":"https:\/\/agromt.news\/?p=16717"},"modified":"2025-07-14T16:51:50","modified_gmt":"2025-07-14T20:51:50","slug":"tarifa-de-trump-pode-gerar-demissoes-no-agro","status":"publish","type":"post","link":"https:\/\/agromt.news\/?p=16717","title":{"rendered":"Tarifa de Trump pode gerar demiss\u00f5es no agro"},"content":{"rendered":"<p> <br \/>\n<\/p>\n<div>\n<p>A nova tarifa de 50% imposta pelos Estados Unidos deve atingir em cheio o agroneg\u00f3cio brasileiro, especialmente os setores de carne e caf\u00e9, que est\u00e3o entre os principais produtos exportados para o mercado americano, segundo o advogado tributarista especializado no setor rural, Fernando Melo de Carvalho. A medida pode provocar queda no faturamento das exporta\u00e7\u00f5es, pressionando margens e levando a cortes de empregos em um setor que emprega mais de 28 milh\u00f5es de pessoas no pa\u00eds, conforme dados da CNA.&#13;\n<\/p>\n<p>O aumento da tarifa ocorre em um momento j\u00e1 delicado para o agro, que enfrenta juros elevados, menos recursos no Plano Safra e dificuldades no acesso ao cr\u00e9dito. A eleva\u00e7\u00e3o dos custos para entrar no mercado americano pode reduzir a competitividade dos produtos brasileiros e desestimular a atividade exportadora, afetando diretamente produtores que dependem desse canal de vendas.<\/p>\n<p>\u201cEssa tarifa vem em um momento muito delicado e deve impactar a rentabilidade de quem depende das exporta\u00e7\u00f5es para os Estados Unidos. Apesar dos pre\u00e7os terem uma tend\u00eancia de queda, por outro lado, isso desestimula as atividades ligadas \u00e0 exporta\u00e7\u00e3o, reduz o faturamento e pode levar a demiss\u00f5es\u201d, alertou.&#13;\n<\/p>\n<p>Al\u00e9m do agroneg\u00f3cio, setores da ind\u00fastria tamb\u00e9m devem ser impactados, especialmente aqueles que utilizam insumos importados. O encarecimento desses itens pode comprometer cadeias produtivas e aumentar os custos internos de produ\u00e7\u00e3o.<\/p>\n<p>Tarifas de importa\u00e7\u00e3o s\u00e3o ferramentas frequentemente utilizadas por pa\u00edses para proteger mercados internos ou estimular segmentos estrat\u00e9gicos. No entanto, o uso desse instrumento de forma abrupta pode gerar desequil\u00edbrios e prejudicar tanto exportadores quanto consumidores nos pa\u00edses envolvidos.<\/p>\n<p>\u201cNa nossa Constitui\u00e7\u00e3o, existe a previs\u00e3o de utilizar certos impostos como mecanismo de controle. Por exemplo, pode-se aumentar o imposto de importa\u00e7\u00e3o sobre determinado produto que n\u00e3o se deseja no mercado brasileiro, para proteger a produ\u00e7\u00e3o nacional. Mas esse tipo de medida deve ser usado com cautela, justamente para n\u00e3o prejudicar n\u00e3o s\u00f3 as exporta\u00e7\u00f5es de produtos agropecu\u00e1rios, mas tamb\u00e9m os importadores, como o mercado americano, que consome fortemente a nossa carne\u201d, completou.<br \/>&#13;<br \/>\n\u00a0&#13;\n<\/p>\n<\/p><\/div>\n<p><script data-cfasync=\"false\">\n    !function (f, b, e, v, n, t, s) {\n        if (f.fbq) return; n = f.fbq = function () {\n            n.callMethod ?\n                n.callMethod.apply(n, arguments) : n.queue.push(arguments)\n        };\n        if (!f._fbq) f._fbq = n; n.push = n; n.loaded = !0; n.version = '2.0';\n        n.queue = []; t = b.createElement(e); t.async = !0;\n        t.src = v; s = b.getElementsByTagName(e)[0];\n        s.parentNode.insertBefore(t, s)\n    }(window, document, 'script',\n        'https:\/\/connect.facebook.net\/en_US\/fbevents.js');\n    fbq('init', '522546078623747');\n    fbq('track', 'PageView');\n<\/script><br \/>\n<br \/><br \/>\n<br \/><a href=\"https:\/\/www.agrolink.com.br\/noticias\/tarifa-de-trump-pode-gerar-demissoes-no-agro_503863.html\">Source link <\/a><\/p>\n","protected":false},"excerpt":{"rendered":"<p>A nova tarifa de 50% imposta pelos Estados Unidos deve atingir em cheio o agroneg\u00f3cio brasileiro, especialmente os setores de<\/p>\n","protected":false},"author":1,"featured_media":12011,"comment_status":"open","ping_status":"open","sticky":false,"template":"","format":"standard","meta":{"_monsterinsights_skip_tracking":false,"_monsterinsights_sitenote_active":false,"_monsterinsights_sitenote_note":"","_monsterinsights_sitenote_category":0,"_uf_show_specific_survey":0,"_uf_disable_surveys":false,"footnotes":""},"categories":[8,1,14],"tags":[],"class_list":["post-16717","post","type-post","status-publish","format-standard","has-post-thumbnail","hentry","category-agro","category-news","category-politica-agro"],"_links":{"self":[{"href":"https:\/\/agromt.news\/index.php?rest_route=\/wp\/v2\/posts\/16717"}],"collection":[{"href":"https:\/\/agromt.news\/index.php?rest_route=\/wp\/v2\/posts"}],"about":[{"href":"https:\/\/agromt.news\/index.php?rest_route=\/wp\/v2\/types\/post"}],"author":[{"embeddable":true,"href":"https:\/\/agromt.news\/index.php?rest_route=\/wp\/v2\/users\/1"}],"replies":[{"embeddable":true,"href":"https:\/\/agromt.news\/index.php?rest_route=%2Fwp%2Fv2%2Fcomments&post=16717"}],"version-history":[{"count":0,"href":"https:\/\/agromt.news\/index.php?rest_route=\/wp\/v2\/posts\/16717\/revisions"}],"wp:featuredmedia":[{"embeddable":true,"href":"https:\/\/agromt.news\/index.php?rest_route=\/wp\/v2\/media\/12011"}],"wp:attachment":[{"href":"https:\/\/agromt.news\/index.php?rest_route=%2Fwp%2Fv2%2Fmedia&parent=16717"}],"wp:term":[{"taxonomy":"category","embeddable":true,"href":"https:\/\/agromt.news\/index.php?rest_route=%2Fwp%2Fv2%2Fcategories&post=16717"},{"taxonomy":"post_tag","embeddable":true,"href":"https:\/\/agromt.news\/index.php?rest_route=%2Fwp%2Fv2%2Ftags&post=16717"}],"curies":[{"name":"wp","href":"https:\/\/api.w.org\/{rel}","templated":true}]}}