{"id":16713,"date":"2025-07-14T16:27:16","date_gmt":"2025-07-14T20:27:16","guid":{"rendered":"https:\/\/agromt.news\/?p=16713"},"modified":"2025-07-14T16:27:16","modified_gmt":"2025-07-14T20:27:16","slug":"bahia-sedia-1o-seminario-da-cacauicultura-para-produtores-rurais","status":"publish","type":"post","link":"https:\/\/agromt.news\/?p=16713","title":{"rendered":"Bahia sedia 1\u00ba Semin\u00e1rio da cacauicultura para produtores rurais"},"content":{"rendered":"<p> <br \/>\n<br \/><img decoding=\"async\" src=\"https:\/\/agromt.news\/wp-content\/uploads\/2025\/07\/Bahia-sedia-1o-Seminario-da-cacauicultura-para-produtores-rurais.png\" \/><\/p>\n<div>\n<p>Produtores rurais, t\u00e9cnicos,\u00a0especialistas e parceiros do segmento da agricultura estar\u00e3o reunidos entre os dias 22 e 23 de julho de 2025, em Jequi\u00e9 e Itagi, na Bahia (BA), para conversar e impulsionar a inova\u00e7\u00e3o na <a href=\"https:\/\/www.canalrural.com.br\/empreendedorismo\/japoneses-transformam-cacau-de-tome-acu-no-para-em-joia-da-amazonia\/\">produ\u00e7\u00e3o de cacau<\/a>.<\/p>\n<p>Al\u00e9m disso, o encontro pretende promover a capacita\u00e7\u00e3o, fomentar boas pr\u00e1ticas agr\u00edcolas e apresentar tecnologias que possam aumentar a efici\u00eancia e a sustentabilidade na produ\u00e7\u00e3o de cacau. <\/p>\n<p><strong>As inscri\u00e7\u00f5es s\u00e3o gratuitas e podem ser feitas<\/strong> <a href=\"https:\/\/docs.google.com\/forms\/d\/e\/1FAIpQLSc31dDURJBcqQFL6YDjMeaLJnKf-L6hYP7K34r8WDLsjH0nMg\/viewform\">aqui<\/a>.<\/p>\n<ul class=\"wp-block-list\">\n<li><em>Participe do Porteira Aberta Empreender: envie perguntas, sugest\u00f5es e conte sua hist\u00f3ria de empreendedorismo pelo\u00a0<\/em><a href=\"https:\/\/api.whatsapp.com\/send?phone=5511932796720&amp;PorteiraAbertaEmpreender=SuaMensagem\"><strong>WhatsApp<\/strong><\/a><\/li>\n<\/ul>\n<\/div>\n<div>\n<p>\u00a0No dia 22, o evento inicia com quatro palestras em Jequi\u00e9, ministradas por engenheiros agr\u00f4nomos e consultores. J\u00e1 no dia<strong> <\/strong>23, Itagi recebe um dia de campo na Fazenda Duas Barras, com quatro oficinas simult\u00e2neas, proporcionando uma viv\u00eancia pr\u00e1tica no manejo da lavoura cacaueira.<\/p>\n<p>\u00a0A iniciativa \u00e9 promovida pelo <a href=\"https:\/\/ba.agenciasebrae.com.br\/cultura-empreendedora\/sebrae-promove-1-seminario-da-cacauicultura-produtiva-em-jequie-e-regiao\/\">Sebrae\/BA<\/a>, em parceria com a Prefeitura de Jequi\u00e9, Comiss\u00e3o Executiva do Plano da Lavoura Cacaueira (Ceplac), Sindicato Rural, Faeb\/Senar, Associa\u00e7\u00e3o Nacional dos Produtores de Cacau (ANPC), Associa\u00e7\u00e3o Comercial e Industrial de Jequi\u00e9 (ACIJ), Banco do Nordeste, Banco do Brasil e Fazenda Duas Barras.<\/p>\n<p><strong>Servi\u00e7o<\/strong>:<strong><br \/>1\u00b0 Semin\u00e1rio da Cacauicultura Produtiva de Jequi\u00e9 e Regi\u00e3o<\/strong><br \/>\u2022 22\/07 \u2013 CEU \u2013 Centro de Evangeliza\u00e7\u00e3o e Unidade, S\u00e3o Judas Tadeu, Jequi\u00e9<br \/>\u2022 23\/07 \u2013 Fazenda Duas Barras, Itagi<br \/><a href=\"https:\/\/docs.google.com\/forms\/d\/e\/1FAIpQLSc31dDURJBcqQFL6YDjMeaLJnKf-L6hYP7K34r8WDLsjH0nMg\/viewform\"><strong>Inscri\u00e7\u00f5es gratuitas<\/strong>.<\/a><\/p>\n<\/p><\/div>\n<p><br \/>\n<br \/><a href=\"https:\/\/www.canalrural.com.br\/empreendedorismo\/bahia-sedia-1o-seminario-da-cacauicultura-para-produtores-rurais\/\">Source link <\/a><\/p>\n","protected":false},"excerpt":{"rendered":"<p>Produtores rurais, t\u00e9cnicos,\u00a0especialistas e parceiros do segmento da agricultura estar\u00e3o reunidos entre os dias 22 e 23 de julho de<\/p>\n","protected":false},"author":1,"featured_media":16714,"comment_status":"open","ping_status":"open","sticky":false,"template":"","format":"standard","meta":{"_monsterinsights_skip_tracking":false,"_monsterinsights_sitenote_active":false,"_monsterinsights_sitenote_note":"","_monsterinsights_sitenote_category":0,"_uf_show_specific_survey":0,"_uf_disable_surveys":false,"footnotes":""},"categories":[1],"tags":[],"class_list":["post-16713","post","type-post","status-publish","format-standard","has-post-thumbnail","hentry","category-news"],"_links":{"self":[{"href":"https:\/\/agromt.news\/index.php?rest_route=\/wp\/v2\/posts\/16713"}],"collection":[{"href":"https:\/\/agromt.news\/index.php?rest_route=\/wp\/v2\/posts"}],"about":[{"href":"https:\/\/agromt.news\/index.php?rest_route=\/wp\/v2\/types\/post"}],"author":[{"embeddable":true,"href":"https:\/\/agromt.news\/index.php?rest_route=\/wp\/v2\/users\/1"}],"replies":[{"embeddable":true,"href":"https:\/\/agromt.news\/index.php?rest_route=%2Fwp%2Fv2%2Fcomments&post=16713"}],"version-history":[{"count":0,"href":"https:\/\/agromt.news\/index.php?rest_route=\/wp\/v2\/posts\/16713\/revisions"}],"wp:featuredmedia":[{"embeddable":true,"href":"https:\/\/agromt.news\/index.php?rest_route=\/wp\/v2\/media\/16714"}],"wp:attachment":[{"href":"https:\/\/agromt.news\/index.php?rest_route=%2Fwp%2Fv2%2Fmedia&parent=16713"}],"wp:term":[{"taxonomy":"category","embeddable":true,"href":"https:\/\/agromt.news\/index.php?rest_route=%2Fwp%2Fv2%2Fcategories&post=16713"},{"taxonomy":"post_tag","embeddable":true,"href":"https:\/\/agromt.news\/index.php?rest_route=%2Fwp%2Fv2%2Ftags&post=16713"}],"curies":[{"name":"wp","href":"https:\/\/api.w.org\/{rel}","templated":true}]}}