{"id":16702,"date":"2025-07-14T12:36:19","date_gmt":"2025-07-14T16:36:19","guid":{"rendered":"https:\/\/agromt.news\/?p=16702"},"modified":"2025-07-14T12:36:19","modified_gmt":"2025-07-14T16:36:19","slug":"mercado-financeiro-reduz-projecao-de-inflacao-para-517-em-2025","status":"publish","type":"post","link":"https:\/\/agromt.news\/?p=16702","title":{"rendered":"Mercado financeiro reduz proje\u00e7\u00e3o de infla\u00e7\u00e3o para 5,17% em 2025"},"content":{"rendered":"<p> <br \/>\n<br \/><img decoding=\"async\" src=\"https:\/\/agromt.news\/wp-content\/uploads\/2025\/03\/3YLcpymZ-banco_central_mcajr_abr_0104222276-640x383-1.jpg\" \/><\/p>\n<div>\n<p>As expectativas do mercado financeiro est\u00e3o mais otimistas com rela\u00e7\u00e3o \u00e0 infla\u00e7\u00e3o do pa\u00eds. Pela s\u00e9tima semana consecutiva, s\u00e3o registradas quedas nas proje\u00e7\u00f5es para o \u00cdndice Nacional de Pre\u00e7os ao Consumidor Amplo (IPCA) \u2013 considerado a infla\u00e7\u00e3o oficial do pa\u00eds. De acordo com o Boletim Focus divulgado pelo Banco Central, nesta segunda-feira (14), em Bras\u00edlia, \u00e9 esperado que o ano feche com uma infla\u00e7\u00e3o de 5,17%.<\/p>\n<p>H\u00e1 uma semana esperava-se uma infla\u00e7\u00e3o de 5,18% para o ano. H\u00e1 quatro semanas, o mercado projetava uma infla\u00e7\u00e3o de 5,25%. Para os anos subsequentes, as expectativas se mantiveram est\u00e1veis, em 4,5% em 2026, e em 4% para 2027.<\/p>\n<p>A estimativa para 2025 est\u00e1 acima do teto da meta de infla\u00e7\u00e3o que deve ser perseguida pelo BC. Definida pelo Conselho Monet\u00e1rio Nacional (CMN), a meta \u00e9 de 3%, com intervalo de toler\u00e2ncia de 1,5 ponto percentual para cima ou para baixo. Ou seja, o limite inferior \u00e9 1,5% e o superior, 4,5%.<\/p>\n<h2 class=\"wp-block-heading\" id=\"h-pib-e-dolar\">PIB e d\u00f3lar<br \/><\/h2>\n<p>As proje\u00e7\u00f5es relacionadas ao Produto Interno Bruto (PIB) \u2013 a soma de todas riquezas produzidas no pa\u00eds \u2013 se mantiveram est\u00e1veis para 2025, com um crescimento de 2,23%. Para 2026, o mercado se mostrou mais otimista do que na semana passada, aumentando as expectativas de crescimento de 1,86% para 1,89%. Para 2027, projeta-se um PIB de 2%.<\/p>\n<p><em>Veja em primeira m\u00e3o tudo sobre agricultura, pecu\u00e1ria, economia e previs\u00e3o do tempo:<\/em><a href=\"https:\/\/news.google.com\/publications\/CAAqBwgKMPKZlQswq_mqAw?hl=pt-BR&amp;gl=BR&amp;ceid=BR%3Apt-419\"><em>\u00a0<\/em><strong><em>siga o Canal Rural no Google News!<\/em><\/strong><\/a><\/p>\n<p>Com rela\u00e7\u00e3o ao c\u00e2mbio, o Boletim Focus reviu para baixo as expectativas de cota\u00e7\u00e3o do d\u00f3lar. O mercado projeta que, ao final de 2025, a moeda norte-americana custar\u00e1 R$ 5,65. Na semana passada, a proje\u00e7\u00e3o era de uma cota\u00e7\u00e3o de R$ 5,70 ao final do ano. H\u00e1 quatro semanas as expectativas estavam em R$ 5,77.<\/p>\n<\/div>\n<div>\n<p>O mercado financeiro reviu tamb\u00e9m para baixo as expectativas de cota\u00e7\u00e3o. Para o final de 2026, a proje\u00e7\u00e3o de cota\u00e7\u00e3o do d\u00f3lar caiu de R$ 5,75 (divulgada na semana passada) para R$ 5,70. \u00c9 a terceira semana seguida de queda nas expectativas de cota\u00e7\u00e3o. Para o final de 2027, a proje\u00e7\u00e3o \u00e9 de que a moeda norte-americana estar\u00e1 cotada a R$ 5,71.<\/p>\n<h2 class=\"wp-block-heading\" id=\"h-juros-basicos\">Juros b\u00e1sicos<br \/><\/h2>\n<p>Para alcan\u00e7ar a meta de infla\u00e7\u00e3o, o Banco Central usa como principal instrumento a taxa b\u00e1sica de juros, a Selic, definida em 15% ao ano pelo Comit\u00ea de Pol\u00edtica Monet\u00e1ria (Copom).<\/p>\n<p>As expectativas do mercado financeiro para a Selic se mant\u00eam em 15% ao ano h\u00e1 tr\u00eas semanas. Para os anos subsequentes, se manteve est\u00e1vel em 12,50% para 2026, e em 10,50% em 2027.<\/p>\n<p>Em ata, o Copom informou que dever\u00e1 manter os juros no mesmo patamar nas pr\u00f3ximas reuni\u00f5es, enquanto observa os efeitos do ciclo de alta da Selic sobre a economia. No entanto, n\u00e3o descartou mais aumentos, caso a infla\u00e7\u00e3o suba.<\/p>\n<p>Quando o Copom aumenta a taxa b\u00e1sica de juros a finalidade \u00e9 conter a demanda aquecida, e isso causa reflexos nos pre\u00e7os porque os juros mais altos encarecem o cr\u00e9dito e estimulam a poupan\u00e7a. Mas, al\u00e9m da Selic, os bancos consideram outros fatores na hora de definir os juros cobrados dos consumidores, como risco de inadimpl\u00eancia, lucro e despesas administrativas. Assim, taxas mais altas tamb\u00e9m podem dificultar a expans\u00e3o da economia.<\/p>\n<p>Quando a taxa Selic \u00e9 reduzida a tend\u00eancia \u00e9 que o cr\u00e9dito fique mais barato, com incentivo \u00e0 produ\u00e7\u00e3o e ao consumo, reduzindo o controle sobre a infla\u00e7\u00e3o e estimulando a atividade econ\u00f4mica.<\/p>\n<\/p><\/div>\n<p><br \/>\n<br \/><a href=\"https:\/\/www.canalrural.com.br\/economia\/mercado-financeiro-reduz-projecao-de-inflacao-para-517-em-2025\/\">Source link <\/a><\/p>\n","protected":false},"excerpt":{"rendered":"<p>As expectativas do mercado financeiro est\u00e3o mais otimistas com rela\u00e7\u00e3o \u00e0 infla\u00e7\u00e3o do pa\u00eds. Pela s\u00e9tima semana consecutiva, s\u00e3o registradas<\/p>\n","protected":false},"author":1,"featured_media":11158,"comment_status":"open","ping_status":"open","sticky":false,"template":"","format":"standard","meta":{"_monsterinsights_skip_tracking":false,"_monsterinsights_sitenote_active":false,"_monsterinsights_sitenote_note":"","_monsterinsights_sitenote_category":0,"_uf_show_specific_survey":0,"_uf_disable_surveys":false,"footnotes":""},"categories":[1],"tags":[],"class_list":["post-16702","post","type-post","status-publish","format-standard","has-post-thumbnail","hentry","category-news"],"_links":{"self":[{"href":"https:\/\/agromt.news\/index.php?rest_route=\/wp\/v2\/posts\/16702"}],"collection":[{"href":"https:\/\/agromt.news\/index.php?rest_route=\/wp\/v2\/posts"}],"about":[{"href":"https:\/\/agromt.news\/index.php?rest_route=\/wp\/v2\/types\/post"}],"author":[{"embeddable":true,"href":"https:\/\/agromt.news\/index.php?rest_route=\/wp\/v2\/users\/1"}],"replies":[{"embeddable":true,"href":"https:\/\/agromt.news\/index.php?rest_route=%2Fwp%2Fv2%2Fcomments&post=16702"}],"version-history":[{"count":0,"href":"https:\/\/agromt.news\/index.php?rest_route=\/wp\/v2\/posts\/16702\/revisions"}],"wp:featuredmedia":[{"embeddable":true,"href":"https:\/\/agromt.news\/index.php?rest_route=\/wp\/v2\/media\/11158"}],"wp:attachment":[{"href":"https:\/\/agromt.news\/index.php?rest_route=%2Fwp%2Fv2%2Fmedia&parent=16702"}],"wp:term":[{"taxonomy":"category","embeddable":true,"href":"https:\/\/agromt.news\/index.php?rest_route=%2Fwp%2Fv2%2Fcategories&post=16702"},{"taxonomy":"post_tag","embeddable":true,"href":"https:\/\/agromt.news\/index.php?rest_route=%2Fwp%2Fv2%2Ftags&post=16702"}],"curies":[{"name":"wp","href":"https:\/\/api.w.org\/{rel}","templated":true}]}}