{"id":16698,"date":"2025-07-14T12:04:53","date_gmt":"2025-07-14T16:04:53","guid":{"rendered":"https:\/\/agromt.news\/?p=16698"},"modified":"2025-07-14T12:04:53","modified_gmt":"2025-07-14T16:04:53","slug":"bombeiros-combatem-incendio-ha-tres-dias-em-silo-de-cooperativa-agricola","status":"publish","type":"post","link":"https:\/\/agromt.news\/?p=16698","title":{"rendered":"Bombeiros combatem inc\u00eandio h\u00e1 tr\u00eas dias em silo de cooperativa agr\u00edcola"},"content":{"rendered":"<p> <br \/>\n<br \/><img decoding=\"async\" src=\"https:\/\/agromt.news\/wp-content\/uploads\/2025\/07\/Bombeiros-combatem-incendio-ha-tres-dias-em-silo-de-cooperativa.jpeg\" \/><\/p>\n<div>\n<p>Um inc\u00eandio atingiu na \u00faltima sexta-feira (11) o silo da Cooperativa Agr\u00edcola Mista General Os\u00f3rio, em Arroio Grande (RS). Ap\u00f3s quase 60 horas de inc\u00eandio, o corpo de bombeiros continua combatendo as chamas nesta segunda-feira (14)<\/p>\n<p>De acordo com os corpo de bombeiros, o calor intenso gerado pelo inc\u00eandio resultou em anomalias na estrutura do silo, como a queda da parte superior, chamada de \u201cchap\u00e9u\u201d, para seu interior, al\u00e9m de deformidades nas paredes, tornando a estrutura bastante comprometida e com risco de colapso. <\/p>\n<p>Ainda segundo o corpo de bombeiros, as chamas diminu\u00edram significativamente e um trabalho de resfriamento est\u00e1 em andamento, assim como a retirada da soja, por meio de um acesso feito na parte inferior do silo, utilizando m\u00e1quinas retroescavadeiras e caminh\u00f5es de transporte de carga.<\/p>\n<\/div>\n<div>\n<p><iframe title=\"Bombeiros combatem inc\u00eandio h\u00e1 tr\u00eas dias em cooperativa agr\u00edcola\" width=\"800\" height=\"450\" src=\"https:\/\/www.youtube.com\/embed\/abOi7fA88mU?feature=oembed\" frameborder=\"0\" allow=\"accelerometer; autoplay; clipboard-write; encrypted-media; gyroscope; picture-in-picture; web-share\" referrerpolicy=\"strict-origin-when-cross-origin\" allowfullscreen><\/iframe><\/p>\n<p>At\u00e9 o momento, n\u00e3o h\u00e1 v\u00edtimas e a \u00e1rea \u00e9 considerada de risco, mas n\u00e3o h\u00e1 registro de feridos. A causa do fogo foi identificada como a libera\u00e7\u00e3o de um g\u00e1s proporcionado pelos gr\u00e3os com a entrada de oxig\u00eanio dentro do silo, que em contato ocasionou o inc\u00eandio.<\/p>\n<\/p><\/div>\n<p><br \/>\n<br \/><a href=\"https:\/\/www.canalrural.com.br\/agricultura\/bombeiros-combatem-incendio-ha-tres-dias-em-cooperativa-agricola\/\">Source link <\/a><\/p>\n","protected":false},"excerpt":{"rendered":"<p>Um inc\u00eandio atingiu na \u00faltima sexta-feira (11) o silo da Cooperativa Agr\u00edcola Mista General Os\u00f3rio, em Arroio Grande (RS). Ap\u00f3s<\/p>\n","protected":false},"author":1,"featured_media":16699,"comment_status":"open","ping_status":"open","sticky":false,"template":"","format":"standard","meta":{"_monsterinsights_skip_tracking":false,"_monsterinsights_sitenote_active":false,"_monsterinsights_sitenote_note":"","_monsterinsights_sitenote_category":0,"_uf_show_specific_survey":0,"_uf_disable_surveys":false,"footnotes":""},"categories":[1],"tags":[],"class_list":["post-16698","post","type-post","status-publish","format-standard","has-post-thumbnail","hentry","category-news"],"_links":{"self":[{"href":"https:\/\/agromt.news\/index.php?rest_route=\/wp\/v2\/posts\/16698"}],"collection":[{"href":"https:\/\/agromt.news\/index.php?rest_route=\/wp\/v2\/posts"}],"about":[{"href":"https:\/\/agromt.news\/index.php?rest_route=\/wp\/v2\/types\/post"}],"author":[{"embeddable":true,"href":"https:\/\/agromt.news\/index.php?rest_route=\/wp\/v2\/users\/1"}],"replies":[{"embeddable":true,"href":"https:\/\/agromt.news\/index.php?rest_route=%2Fwp%2Fv2%2Fcomments&post=16698"}],"version-history":[{"count":0,"href":"https:\/\/agromt.news\/index.php?rest_route=\/wp\/v2\/posts\/16698\/revisions"}],"wp:featuredmedia":[{"embeddable":true,"href":"https:\/\/agromt.news\/index.php?rest_route=\/wp\/v2\/media\/16699"}],"wp:attachment":[{"href":"https:\/\/agromt.news\/index.php?rest_route=%2Fwp%2Fv2%2Fmedia&parent=16698"}],"wp:term":[{"taxonomy":"category","embeddable":true,"href":"https:\/\/agromt.news\/index.php?rest_route=%2Fwp%2Fv2%2Fcategories&post=16698"},{"taxonomy":"post_tag","embeddable":true,"href":"https:\/\/agromt.news\/index.php?rest_route=%2Fwp%2Fv2%2Ftags&post=16698"}],"curies":[{"name":"wp","href":"https:\/\/api.w.org\/{rel}","templated":true}]}}