{"id":16697,"date":"2025-07-14T11:50:47","date_gmt":"2025-07-14T15:50:47","guid":{"rendered":"https:\/\/agromt.news\/?p=16697"},"modified":"2025-07-14T11:50:47","modified_gmt":"2025-07-14T15:50:47","slug":"apos-dez-semanas-de-queda-cotacoes-registram-alta","status":"publish","type":"post","link":"https:\/\/agromt.news\/?p=16697","title":{"rendered":"ap\u00f3s dez semanas de queda, cota\u00e7\u00f5es registram alta"},"content":{"rendered":"<p> <br \/>\n<br \/><img decoding=\"async\" src=\"https:\/\/agromt.news\/wp-content\/uploads\/2025\/07\/mesmo-com-avancos-na-comercializacao-precos-recuam.jpg\" \/><\/p>\n<div>\n<p>Muitos produtores que j\u00e1 est\u00e3o capitalizados, t\u00eam priorizado os trabalhos de plantio, limitando a oferta de mandioca dispon\u00edvel, \u00c9 isso que apontam os levantamentos do <a href=\"https:\/\/www.canalrural.com.br\/tag\/cepea\/\">Centro de Estudos Avan\u00e7ados em Economia Aplicada (Cepea)<\/a>.\u00a0<\/p>\n<p>Ainda mais, h\u00e1 a diminui\u00e7\u00e3o gradual na disponibilidade de lavouras de ra\u00edzes de 2\u00ba ciclo (mais de 12 meses) em parte das regi\u00f5es acompanhadas pelo Centro de Pesquisas. Nesse sentido, as press\u00f5es baixistas se enfraqueceram nesta semana, sobretudo nas pra\u00e7as do Paran\u00e1, e a m\u00e9dia subiu ap\u00f3s dez semanas de recuos consecutivos.<\/p>\n<\/div>\n<div>\n<p>Levantamentos do Cepea mostram que o valor m\u00e9dio nominal a prazo da tonelada de mandioca posta fecularia foi de R$ 500,03 (R$ 0,8696\/grama de amido). O aumento representa ligeiro avan\u00e7o de 0,3% em rela\u00e7\u00e3o \u00e0 semana anterior.<\/p>\n<p>No comparativo com per\u00edodo equivalente do ano passado, a m\u00e9dia est\u00e1 3% acima, em termos reais (utilizando o IGP-DI como deflator).<\/p>\n<p>*Sob supervis\u00e3o de Luis Roberto Toledo<\/p>\n<\/p><\/div>\n<p><br \/>\n<br \/><a href=\"https:\/\/www.canalrural.com.br\/agricultura\/mandioca-apos-dez-semanas-de-queda-cotacoes-registram-alta\/\">Source link <\/a><\/p>\n","protected":false},"excerpt":{"rendered":"<p>Muitos produtores que j\u00e1 est\u00e3o capitalizados, t\u00eam priorizado os trabalhos de plantio, limitando a oferta de mandioca dispon\u00edvel, \u00c9 isso<\/p>\n","protected":false},"author":1,"featured_media":16297,"comment_status":"open","ping_status":"open","sticky":false,"template":"","format":"standard","meta":{"_monsterinsights_skip_tracking":false,"_monsterinsights_sitenote_active":false,"_monsterinsights_sitenote_note":"","_monsterinsights_sitenote_category":0,"_uf_show_specific_survey":0,"_uf_disable_surveys":false,"footnotes":""},"categories":[1],"tags":[],"class_list":["post-16697","post","type-post","status-publish","format-standard","has-post-thumbnail","hentry","category-news"],"_links":{"self":[{"href":"https:\/\/agromt.news\/index.php?rest_route=\/wp\/v2\/posts\/16697"}],"collection":[{"href":"https:\/\/agromt.news\/index.php?rest_route=\/wp\/v2\/posts"}],"about":[{"href":"https:\/\/agromt.news\/index.php?rest_route=\/wp\/v2\/types\/post"}],"author":[{"embeddable":true,"href":"https:\/\/agromt.news\/index.php?rest_route=\/wp\/v2\/users\/1"}],"replies":[{"embeddable":true,"href":"https:\/\/agromt.news\/index.php?rest_route=%2Fwp%2Fv2%2Fcomments&post=16697"}],"version-history":[{"count":0,"href":"https:\/\/agromt.news\/index.php?rest_route=\/wp\/v2\/posts\/16697\/revisions"}],"wp:featuredmedia":[{"embeddable":true,"href":"https:\/\/agromt.news\/index.php?rest_route=\/wp\/v2\/media\/16297"}],"wp:attachment":[{"href":"https:\/\/agromt.news\/index.php?rest_route=%2Fwp%2Fv2%2Fmedia&parent=16697"}],"wp:term":[{"taxonomy":"category","embeddable":true,"href":"https:\/\/agromt.news\/index.php?rest_route=%2Fwp%2Fv2%2Fcategories&post=16697"},{"taxonomy":"post_tag","embeddable":true,"href":"https:\/\/agromt.news\/index.php?rest_route=%2Fwp%2Fv2%2Ftags&post=16697"}],"curies":[{"name":"wp","href":"https:\/\/api.w.org\/{rel}","templated":true}]}}