{"id":16694,"date":"2025-07-14T11:19:16","date_gmt":"2025-07-14T15:19:16","guid":{"rendered":"https:\/\/agromt.news\/?p=16694"},"modified":"2025-07-14T11:19:16","modified_gmt":"2025-07-14T15:19:16","slug":"governo-se-reunira-com-empresarios-para-discutir-tarifaco-de-trump","status":"publish","type":"post","link":"https:\/\/agromt.news\/?p=16694","title":{"rendered":"Governo se reunir\u00e1 com empres\u00e1rios para discutir tarifa\u00e7o de Trump"},"content":{"rendered":"<p> <br \/>\n<br \/><img decoding=\"async\" src=\"https:\/\/agromt.news\/wp-content\/uploads\/2025\/07\/Governo-se-reunira-com-empresarios-para-discutir-tarifaco-de-Trump.jpg\" \/><\/p>\n<div>\n<p>O governo federal vai trabalhar para reverter a imposi\u00e7\u00e3o de tarifas comerciais sobre as exporta\u00e7\u00f5es do Brasil aos Estados Unidos,<a href=\"https:\/\/www.canalrural.com.br\/nacional\/trump-anuncia-tarifa-de-50-para-produtos-do-brasil\/\"> anunciada na quarta-feira (9) pelo presidente Donald Trump<\/a>, afirmou o vice-presidente da Rep\u00fablica e ministro do Desenvolvimento, Ind\u00fastria e Com\u00e9rcio, Geraldo Alckmin, em S\u00e3o Paulo, neste domingo (13).<\/p>\n<p>\u201cN\u00f3s vamos trabalhar para reverter isso, porque n\u00e3o tem sentido essa tarifa. Ela, inclusive, prejudica tamb\u00e9m o consumidor norte-americano. N\u00f3s entendemos que ela \u00e9 inadequada, ela n\u00e3o se justifica. Vamos recorrer \u00e0 Organiza\u00e7\u00e3o Mundial do Com\u00e9rcio (OMC)\u201d, disse Alckmin.<\/p>\n<p>Segundo o vice-presidente, o governo se reunir\u00e1 nos pr\u00f3ximos dias com o setor privado, e tamb\u00e9m est\u00e1 sendo analisada a <a href=\"https:\/\/www.canalrural.com.br\/economia\/brasil-respondera-tarifaco-de-trump-com-lei-de-reciprocidade-diz-lula\/\">aplica\u00e7\u00e3o da Lei de Reciprocidade Econ\u00f4mica<\/a>, sancionada em abril, que estabelece crit\u00e9rios para a suspens\u00e3o de concess\u00f5es comerciais, de investimentos e de obriga\u00e7\u00f5es relativas a direitos de propriedade intelectual, em resposta a medidas unilaterais adotadas por pa\u00eds ou bloco econ\u00f4mico que impactem negativamente a competitividade internacional brasileira.<\/p>\n<p><em>Veja em primeira m\u00e3o tudo sobre agricultura, pecu\u00e1ria, economia e previs\u00e3o do tempo:<\/em><a href=\"https:\/\/news.google.com\/publications\/CAAqBwgKMPKZlQswq_mqAw?hl=pt-BR&amp;gl=BR&amp;ceid=BR%3Apt-419\"><em>\u00a0<\/em><strong><em>siga o Canal Rural no Google News!<\/em><\/strong><\/a><\/p>\n<\/div>\n<div>\n<p>\u201cOs Estados Unidos t\u00eam conosco super\u00e1vit na balan\u00e7a comercial, tanto de servi\u00e7os quanto de bens. O Brasil n\u00e3o \u00e9 problema para os Estados Unidos. Os Estados Unidos t\u00eam d\u00e9ficit na sua balan\u00e7a. E o Brasil e os Estados Unidos t\u00eam uma integra\u00e7\u00e3o produtiva. N\u00f3s temos 200 anos de amizade com os Estados Unidos. Ent\u00e3o, n\u00e3o se justifica e o mundo econ\u00f4mico precisa de estabilidade e de previsibilidade\u201d, afirmou.<\/p>\n<h2 class=\"wp-block-heading\" id=\"h-comite-interministerial\">Comit\u00ea Interministerial<br \/><\/h2>\n<p>Em reuni\u00e3o realizada na noite de domingo (13), em Bras\u00edlia, o presidente Luiz In\u00e1cio Lula da Silva determinou a cria\u00e7\u00e3o de comit\u00ea interministerial para conversar com o setores mais afetados pelo tarifa\u00e7\u00e3o , de acordo com informa\u00e7\u00e3o da Folha de S\u00e3o Paulo.<\/p>\n<p>Lula avisou aos ministros que se reunir\u00e1 pessoalmente com empres\u00e1rios para tratar do tema e a partir desses di\u00e1logos ir\u00e1 tra\u00e7ar estrat\u00e9gias com setores para atua\u00e7\u00e3o e negocia\u00e7\u00e3o com o governo norte-americano. Ainda de acordo com a Folha, o comit\u00ea contar\u00e1 com a participa\u00e7\u00e3o dos minist\u00e9rios da Fazenda, Rela\u00e7\u00f5es Internacionais e Desenvolvimento, Ind\u00fastria e Com\u00e9rcio.<\/p>\n<\/p><\/div>\n<p><br \/>\n<br \/><a href=\"https:\/\/www.canalrural.com.br\/economia\/governo-se-reunira-com-empresarios-para-discutir-tarifaco-de-trump\/\">Source link <\/a><\/p>\n","protected":false},"excerpt":{"rendered":"<p>O governo federal vai trabalhar para reverter a imposi\u00e7\u00e3o de tarifas comerciais sobre as exporta\u00e7\u00f5es do Brasil aos Estados Unidos,<\/p>\n","protected":false},"author":1,"featured_media":16695,"comment_status":"open","ping_status":"open","sticky":false,"template":"","format":"standard","meta":{"_monsterinsights_skip_tracking":false,"_monsterinsights_sitenote_active":false,"_monsterinsights_sitenote_note":"","_monsterinsights_sitenote_category":0,"_uf_show_specific_survey":0,"_uf_disable_surveys":false,"footnotes":""},"categories":[1],"tags":[],"class_list":["post-16694","post","type-post","status-publish","format-standard","has-post-thumbnail","hentry","category-news"],"_links":{"self":[{"href":"https:\/\/agromt.news\/index.php?rest_route=\/wp\/v2\/posts\/16694"}],"collection":[{"href":"https:\/\/agromt.news\/index.php?rest_route=\/wp\/v2\/posts"}],"about":[{"href":"https:\/\/agromt.news\/index.php?rest_route=\/wp\/v2\/types\/post"}],"author":[{"embeddable":true,"href":"https:\/\/agromt.news\/index.php?rest_route=\/wp\/v2\/users\/1"}],"replies":[{"embeddable":true,"href":"https:\/\/agromt.news\/index.php?rest_route=%2Fwp%2Fv2%2Fcomments&post=16694"}],"version-history":[{"count":0,"href":"https:\/\/agromt.news\/index.php?rest_route=\/wp\/v2\/posts\/16694\/revisions"}],"wp:featuredmedia":[{"embeddable":true,"href":"https:\/\/agromt.news\/index.php?rest_route=\/wp\/v2\/media\/16695"}],"wp:attachment":[{"href":"https:\/\/agromt.news\/index.php?rest_route=%2Fwp%2Fv2%2Fmedia&parent=16694"}],"wp:term":[{"taxonomy":"category","embeddable":true,"href":"https:\/\/agromt.news\/index.php?rest_route=%2Fwp%2Fv2%2Fcategories&post=16694"},{"taxonomy":"post_tag","embeddable":true,"href":"https:\/\/agromt.news\/index.php?rest_route=%2Fwp%2Fv2%2Ftags&post=16694"}],"curies":[{"name":"wp","href":"https:\/\/api.w.org\/{rel}","templated":true}]}}