{"id":16693,"date":"2025-07-14T11:04:35","date_gmt":"2025-07-14T15:04:35","guid":{"rendered":"https:\/\/agromt.news\/?p=16693"},"modified":"2025-07-14T11:04:35","modified_gmt":"2025-07-14T15:04:35","slug":"exportacoes-do-feijao-registram-fortes-altas-no-primeiro-semestre","status":"publish","type":"post","link":"https:\/\/agromt.news\/?p=16693","title":{"rendered":"Exporta\u00e7\u00f5es do feij\u00e3o registram fortes altas no primeiro semestre"},"content":{"rendered":"<p> <br \/>\n<br \/><img decoding=\"async\" src=\"https:\/\/agromt.news\/wp-content\/uploads\/2025\/04\/FeijaoCepea-com-grande-oferta-e-fraca-demanda-precos-seguem-em.jpg\" \/><\/p>\n<div>\n<p>O primeiro semestre de 2025 finalizou com panorama positivo para as transa\u00e7\u00f5es externas do feij\u00e3o. Isso de acordo com os levantamentos do <a href=\"https:\/\/www.canalrural.com.br\/tag\/cepea\/\">Centro de Estudos Avan\u00e7ados em Economia Aplicada (Cepea)<\/a>.\u00a0<\/p>\n<p>De acordo com a Secretaria de Com\u00e9rcio Exterior (Secex), as exporta\u00e7\u00f5es brasileiras de feij\u00e3o somaram 137,02 mil toneladas de janeiro a junho deste ano. O aumento expressivo representa alta de 89% frente ao mesmo per\u00edodo de 2024.\u00a0<\/p>\n<p>As importa\u00e7\u00f5es, por sua vez, somaram 4,9 mil toneladas no primeiro semestre, 46% abaixo das registradas de janeiro a junho de 2024.\u00a0\u00a0<\/p>\n<p>No mercado dom\u00e9stico, levantamento do Cepea mostra que os valores dos feij\u00f5es carioca de notas 9 ou superior, os dos gr\u00e3os de notas 8 e 8,5 e os pretos seguem em queda.\u00a0<\/p>\n<\/div>\n<div>\n<p>Dessa forma, os pesquisadores indicam que as desvaloriza\u00e7\u00f5es t\u00eam sido mais intensas para os feij\u00f5es comerciais, que apresentam maior oferta, mas, demanda enfraquecida.\u00a0<\/p>\n<p>No caso dos gr\u00e3os de maior qualidade, o movimento de queda acaba sendo limitado pelo fato de os produtores optarem por armazenar os gr\u00e3os, \u00e0 espera de uma rea\u00e7\u00e3o nos valores.\u00a0<\/p>\n<p>No campo, a colheita avan\u00e7a em importantes regi\u00f5es produtoras, enquanto a terceira temporada segue em desenvolvimento, com preocupa\u00e7\u00f5es fitossanit\u00e1rias em algumas lavouras.<\/p>\n<p><em>*Sob supervis\u00e3o de Luis Roberto Toledo<\/em><\/p>\n<\/p><\/div>\n<p><br \/>\n<br \/><a href=\"https:\/\/www.canalrural.com.br\/agricultura\/exportacoes-do-feijao-registram-fortes-altas-no-primeiro-semestre\/\">Source link <\/a><\/p>\n","protected":false},"excerpt":{"rendered":"<p>O primeiro semestre de 2025 finalizou com panorama positivo para as transa\u00e7\u00f5es externas do feij\u00e3o. Isso de acordo com os<\/p>\n","protected":false},"author":1,"featured_media":12711,"comment_status":"open","ping_status":"open","sticky":false,"template":"","format":"standard","meta":{"_monsterinsights_skip_tracking":false,"_monsterinsights_sitenote_active":false,"_monsterinsights_sitenote_note":"","_monsterinsights_sitenote_category":0,"_uf_show_specific_survey":0,"_uf_disable_surveys":false,"footnotes":""},"categories":[1],"tags":[],"class_list":["post-16693","post","type-post","status-publish","format-standard","has-post-thumbnail","hentry","category-news"],"_links":{"self":[{"href":"https:\/\/agromt.news\/index.php?rest_route=\/wp\/v2\/posts\/16693"}],"collection":[{"href":"https:\/\/agromt.news\/index.php?rest_route=\/wp\/v2\/posts"}],"about":[{"href":"https:\/\/agromt.news\/index.php?rest_route=\/wp\/v2\/types\/post"}],"author":[{"embeddable":true,"href":"https:\/\/agromt.news\/index.php?rest_route=\/wp\/v2\/users\/1"}],"replies":[{"embeddable":true,"href":"https:\/\/agromt.news\/index.php?rest_route=%2Fwp%2Fv2%2Fcomments&post=16693"}],"version-history":[{"count":0,"href":"https:\/\/agromt.news\/index.php?rest_route=\/wp\/v2\/posts\/16693\/revisions"}],"wp:featuredmedia":[{"embeddable":true,"href":"https:\/\/agromt.news\/index.php?rest_route=\/wp\/v2\/media\/12711"}],"wp:attachment":[{"href":"https:\/\/agromt.news\/index.php?rest_route=%2Fwp%2Fv2%2Fmedia&parent=16693"}],"wp:term":[{"taxonomy":"category","embeddable":true,"href":"https:\/\/agromt.news\/index.php?rest_route=%2Fwp%2Fv2%2Fcategories&post=16693"},{"taxonomy":"post_tag","embeddable":true,"href":"https:\/\/agromt.news\/index.php?rest_route=%2Fwp%2Fv2%2Ftags&post=16693"}],"curies":[{"name":"wp","href":"https:\/\/api.w.org\/{rel}","templated":true}]}}