{"id":16690,"date":"2025-07-14T10:50:31","date_gmt":"2025-07-14T14:50:31","guid":{"rendered":"https:\/\/agromt.news\/?p=16690"},"modified":"2025-07-14T10:50:31","modified_gmt":"2025-07-14T14:50:31","slug":"demanda-enfraquecida-e-aumento-na-producao-derrubam-as-cotacoes","status":"publish","type":"post","link":"https:\/\/agromt.news\/?p=16690","title":{"rendered":"demanda enfraquecida e aumento na produ\u00e7\u00e3o derrubam as cota\u00e7\u00f5es"},"content":{"rendered":"<p> <br \/>\n<br \/><img decoding=\"async\" src=\"https:\/\/agromt.news\/wp-content\/uploads\/2024\/11\/Tres-fatores-devem-elevar-os-precos-do-milho-nesta-semana.jpg\" \/><\/p>\n<div>\n<p>Os pre\u00e7os do milho seguem em queda no mercado dom\u00e9stico, isso \u00e9 o que apontam levantamentos do <a href=\"https:\/\/www.canalrural.com.br\/tag\/cepea\/\">Centro de Estudos Avan\u00e7ados em Economia Aplicada (Cepea)<\/a>.\u00a0<\/p>\n<p>Segundo o instituto, o avan\u00e7o da colheita da segunda safra, que deve atingir produ\u00e7\u00e3o recorde. Esta perspectiva, somada \u00e0 retra\u00e7\u00e3o compradora s\u00e3o os fatores que pressionam as cota\u00e7\u00f5es.\u00a0<\/p>\n<p>Al\u00e9m disso, a demanda externa, tamb\u00e9m enfraquecida, refor\u00e7a o movimento de queda no pre\u00e7o interno do cereal.\u00a0<\/p>\n<\/div>\n<div>\n<p>Em seu 10\u00ba levantamento de safra, a Conab apontou aumento na produ\u00e7\u00e3o total de milho no Brasil. O reajuste positivo em julho, tanto em rela\u00e7\u00e3o ao relat\u00f3rio de junho\/25 quanto ao de julho\/24, se deve \u00e0s maiores produ\u00e7\u00f5es esperadas para as primeira e segunda safras.\u00a0<\/p>\n<p>No agregado, a Conab estima 131,97 milh\u00f5es de toneladas de milho na temporada 2024\/25. O valor representa crescimento de 14,3% frente ao ano anterior (2023\/24) e tamb\u00e9m a maior colheita da hist\u00f3ria.<\/p>\n<p><em>*Sob supervis\u00e3o de Luis Roberto Toledo<\/em><\/p>\n<\/p><\/div>\n<p><br \/>\n<br \/><a href=\"https:\/\/www.canalrural.com.br\/agricultura\/milho-demanda-enfraquecida-e-aumento-na-producao-derrubam-as-cotacoes\/\">Source link <\/a><\/p>\n","protected":false},"excerpt":{"rendered":"<p>Os pre\u00e7os do milho seguem em queda no mercado dom\u00e9stico, isso \u00e9 o que apontam levantamentos do Centro de Estudos<\/p>\n","protected":false},"author":1,"featured_media":5173,"comment_status":"open","ping_status":"open","sticky":false,"template":"","format":"standard","meta":{"_monsterinsights_skip_tracking":false,"_monsterinsights_sitenote_active":false,"_monsterinsights_sitenote_note":"","_monsterinsights_sitenote_category":0,"_uf_show_specific_survey":0,"_uf_disable_surveys":false,"footnotes":""},"categories":[1],"tags":[],"class_list":["post-16690","post","type-post","status-publish","format-standard","has-post-thumbnail","hentry","category-news"],"_links":{"self":[{"href":"https:\/\/agromt.news\/index.php?rest_route=\/wp\/v2\/posts\/16690"}],"collection":[{"href":"https:\/\/agromt.news\/index.php?rest_route=\/wp\/v2\/posts"}],"about":[{"href":"https:\/\/agromt.news\/index.php?rest_route=\/wp\/v2\/types\/post"}],"author":[{"embeddable":true,"href":"https:\/\/agromt.news\/index.php?rest_route=\/wp\/v2\/users\/1"}],"replies":[{"embeddable":true,"href":"https:\/\/agromt.news\/index.php?rest_route=%2Fwp%2Fv2%2Fcomments&post=16690"}],"version-history":[{"count":0,"href":"https:\/\/agromt.news\/index.php?rest_route=\/wp\/v2\/posts\/16690\/revisions"}],"wp:featuredmedia":[{"embeddable":true,"href":"https:\/\/agromt.news\/index.php?rest_route=\/wp\/v2\/media\/5173"}],"wp:attachment":[{"href":"https:\/\/agromt.news\/index.php?rest_route=%2Fwp%2Fv2%2Fmedia&parent=16690"}],"wp:term":[{"taxonomy":"category","embeddable":true,"href":"https:\/\/agromt.news\/index.php?rest_route=%2Fwp%2Fv2%2Fcategories&post=16690"},{"taxonomy":"post_tag","embeddable":true,"href":"https:\/\/agromt.news\/index.php?rest_route=%2Fwp%2Fv2%2Ftags&post=16690"}],"curies":[{"name":"wp","href":"https:\/\/api.w.org\/{rel}","templated":true}]}}