{"id":16689,"date":"2025-07-14T10:32:05","date_gmt":"2025-07-14T14:32:05","guid":{"rendered":"https:\/\/agromt.news\/?p=16689"},"modified":"2025-07-14T10:32:05","modified_gmt":"2025-07-14T14:32:05","slug":"baixas-temperaturas-e-falta-de-chuvas-devem-predominar-na-maior-parte-do-pais","status":"publish","type":"post","link":"https:\/\/agromt.news\/?p=16689","title":{"rendered":"Baixas temperaturas e falta de chuvas devem predominar na maior parte do pa\u00eds"},"content":{"rendered":"<p> <br \/>\n<br \/><img decoding=\"async\" src=\"https:\/\/agromt.news\/wp-content\/uploads\/2025\/04\/Primeira-onda-de-frio-do-Brasil-ja-tem-data-veja.webp.webp\" \/><\/p>\n<div>\n<p>A semana pode come\u00e7ar com um pouco de chuva sobre \u00e1reas do centro-norte e na Serra do Rio Grande do Sul, devido \u00e0 entrada de ventos mar\u00edtimos. A maior parte da manh\u00e3, ser\u00e1 marcada por nebulosidade mais vari\u00e1vel e a tarde, pode chover fraco \u2013 sem alertas.<\/p>\n<p>No Sudeste, as temperaturas continuam mais baixas de manh\u00e3 sobre SP, sul de MG e do RJ e com a possibilidade para nevoeiro no Vale do Ribeira e na Grande SP. Dia marcado pela presen\u00e7a do sol com um pouco mais de nuvem presente no c\u00e9u sobre o centro-sul e leste de SP, regi\u00e3o da Zona da Mata em Minas e no centro-sul e interior do RJ. N\u00e3o h\u00e1 previs\u00e3o de chuva em nenhuma \u00e1rea da regi\u00e3o e a umidade continua abaixo de 30% em Belo Horizonte, no centro-oeste e no Tri\u00e2ngulo mineiro, al\u00e9m de \u00e1reas do oeste e norte paulista.<\/p>\n<p><em>Veja em primeira m\u00e3o tudo sobre agricultura, pecu\u00e1ria, economia e previs\u00e3o do tempo:<\/em><a href=\"https:\/\/news.google.com\/publications\/CAAqBwgKMPKZlQswq_mqAw?hl=pt-BR&amp;gl=BR&amp;ceid=BR%3Apt-419\"><em>\u00a0<\/em><strong><em>siga o Canal Rural no Google News!<\/em><\/strong><\/a><\/p>\n<p>O tempo continua aberto, firme e seco no Centro-Oeste. Segunda, ensolarada e com umidade do ar ainda abaixo de 30% na maior parte de MS, GO, DF e MT. Alerta para valores abaixo de 20% no noroeste de MS, no sudoeste e sul de MT \u2013 incluindo Cuiab\u00e1.<\/p>\n<p>O vento \u00famido que sopra do mar contra a costa mant\u00e9m o tempo mais carregado na costa leste do Nordeste e a semana come\u00e7a com risco alto para temporais em Salvador e no litoral norte baiano \u2013 dia mais encoberto com previs\u00e3o de pancadas a qualquer momento, podendo come\u00e7ar j\u00e1 durante a madrugada.<\/p>\n<p>Alerta para temporais em Roraima \u2013 boa parte da chuva continua concentrada sobre Amazonas, Par\u00e1 e Amap\u00e1 no Norte do Brasil \u2013 dia abafado com pancadas ocorrendo em v\u00e1rios momentos, intercalando aberturas de sol. O tempo continua firme e seco no centro-sul de Rond\u00f4nia, sul do Par\u00e1 e em todo o estado do Tocantins.<\/p>\n<h2 class=\"wp-block-heading\" id=\"h-sul\">Sul<\/h2>\n<p>Ter\u00e7a: Circula\u00e7\u00e3o de ventos associados \u00e0 \u00e1rea de alta press\u00e3o pr\u00f3xima \u00e0 regi\u00e3o mant\u00e9m o tempo firme nos tr\u00eas estados da Regi\u00e3o. Destaque para as temperaturas, que voltam a se elevar de maneira significativa entre o oeste ga\u00facho e noroeste paranaense. URA cai de maneira acentuada no interior catarinense, e entra em aten\u00e7\u00e3o no noroeste paranaense.<\/p>\n<p>Quarta: Avan\u00e7o de uma nova frente fria deve favorecer o retorno das instabilidades sobre o RS. Ainda cedo, haver\u00e1 condi\u00e7\u00f5es para pancadas de chuva com moderada a eventual forte intensidade \u2013 seguidas por raios e ventos. SC e PR seguem com dia marcado pelo predom\u00ednio de tempo est\u00e1vel. Entre norte e noroeste do PR, alerta para baixa umidade do ar \u00e0 tarde.<\/p>\n<p>Quinta: Forma\u00e7\u00e3o de uma \u00e1rea de baixa press\u00e3o pr\u00f3ximo \u00e0 regi\u00e3o deve refor\u00e7ar as instabilidades sobre o estado ga\u00facho ao longo do dia \u2013 com in\u00edcio ainda no per\u00edodo da madrugada. Segue a condi\u00e7\u00e3o para pancada de chuva com moderada \u2013 a eventual forte \u2013 intensidade, seguida por raios e ventos. Entre o fim da tarde e in\u00edcio da noite, a chuva avan\u00e7a sobre \u00e1reas do interior e sul catarinense, e no extremo sul e sudoeste paranaense.<\/p>\n<h2 class=\"wp-block-heading\" id=\"h-sudeste\">Sudeste<\/h2>\n<p>Ter\u00e7a: Predom\u00ednio segue sendo de tempo firme em todo Sudeste. O amanhecer continua mais frio, mas o sol aparece ainda pela manh\u00e3 e favorece o aumento da temperatura. Leste de SP, RJ e no ES, as temperaturas seguem mais amenas \u00e0 tarde. No interior de SP e em MG, o ar seco favorece a queda acentuada da umidade relativa do ar \u00e0 tarde.<\/p>\n<p>Quarta: Semana segue com tempo est\u00e1vel em todos os estados da regi\u00e3o. Em SP, leste e litoral seguem com temperaturas mais amenas e dia de c\u00e9u parcialmente encoberto. No interior paulista, esquenta mais e a URA segue baixa. MG com predom\u00ednio de sol, temperaturas amenas entre a capital e a faixa leste. RJ e ES ainda sob influ\u00eancia dos ventos mar\u00edtimos e as temperaturas tamb\u00e9m n\u00e3o disparam.<\/p>\n<\/div>\n<div>\n<p>Quinta: Destaque segue sendo o tempo firme em toda a regi\u00e3o. Calor ganha for\u00e7a entre o interior de SP e de MG. Leste de SP, RJ e ES come\u00e7am a apresentar maior aumento nas temperaturas ao longo do dia. \u00c0 tarde, alerta de baixa umidade em boa parte de SP e MG.<\/p>\n<h2 class=\"wp-block-heading\" id=\"h-centro-oeste\">Centro-Oeste<\/h2>\n<p>Ter\u00e7a: Ar seco segue marcando presen\u00e7a em todos os estados da regi\u00e3o, e o tempo continua firme ao longo do dia. \u00c0 tarde, o calor ganha for\u00e7a entre MS, MT, GO e DF, e segue o alerta para baixa umidade do ar em praticamente toda a regi\u00e3o.<\/p>\n<p>Quarta: Tempo continua est\u00e1vel em todos os estados. Destaque para o calor mais intenso entre o norte de MS e o MT. \u00c0 tarde, a URA sofre queda acentuada e entra em limiares de aten\u00e7\u00e3o. Destaque entre norte de MS, MT e oeste de GO, onde h\u00e1 risco para que os \u00edndices fiquem abaixo de 20%.<\/p>\n<p>Quinta: Avan\u00e7o de massa de ar polar deve impedir o aumento significativo das temperaturas no sul, sudoeste e parte do oeste de MS. Apesar disso, o restante do estado continua mais quente. Tempo segue firme, o calor e a baixa umidade continuam nas capitais, Cuiab\u00e1\/MT, Goi\u00e2nia\/GO e na Capital Federal.<\/p>\n<h2 class=\"wp-block-heading\" id=\"h-nordeste\">Nordeste<\/h2>\n<p>Ter\u00e7a: Instabilidades seguem concentradas sobre a regi\u00e3o do rec\u00f4ncavo baiano, com risco de chuva fraca a moderada durante o dia. Condi\u00e7\u00e3o para pancadas isoladas entre o litoral da PB e do RN. Chuva isolada no norte do MA. No interior de todo nordeste segue com bastante calor e com alerta para baixa umidade do ar.<\/p>\n<p>Quarta: Entrada de umidade mar\u00edtima estimula a forma\u00e7\u00e3o de nuvens carregadas ainda sobre boa parte da costa leste, mas pancadas acontecem irregulares durante o dia. No litoral do MA, as pancadas podem cair com moderada intensidade. Sert\u00e3o e agreste seguem com tempo firme, calor e baixa umidade do ar.<\/p>\n<p>Quinta: Chuva volta a ganhar for\u00e7a no litoral da BA, SE, AL, PE e PB, com condi\u00e7\u00f5es para pancadas de chuva com moderada a eventual forte intensidade. Interior da regi\u00e3o j\u00e1 segue com tempo firme e calor. Umidade baixa mant\u00e9m o alerta para queimadas na regi\u00e3o.<\/p>\n<h2 class=\"wp-block-heading\" id=\"h-norte\">Norte<\/h2>\n<p>Ter\u00e7a: Instabilidades continuam atuando sobre o norte do AM, em RR e no norte do AP, com condi\u00e7\u00f5es para pancadas de chuva forte ao longo do dia. O restante da regi\u00e3o continua com tempo firme e destaque sendo o calor. URA segue baixa no TO.<\/p>\n<p>Quarta: Aproxima\u00e7\u00e3o da ZCIT espalha as instabilidades no AP. RR e a metade norte do AM seguem com tempo inst\u00e1vel e condi\u00e7\u00f5es para pancadas de chuva com moderada a forte intensidade. Chove tamb\u00e9m no norte e litoral do PA. Demais regi\u00f5es com tempo firme e destaque continua sendo o calor.<\/p>\n<p>Quinta: Chuva come\u00e7a a se espalhar mais sobre o AM e pode alcan\u00e7ar \u00e1reas do oeste do AC. RR e AP seguem com condi\u00e7\u00f5es para chuva forte. PA com pancadas restritas ao litoral e norte. RO e TO com tempo firme.<\/p>\n<\/p><\/div>\n<p><br \/>\n<br \/><a href=\"https:\/\/www.canalrural.com.br\/diversos\/baixas-temperaturas-e-falta-de-chuvas-devem-predominar-na-maior-parte-do-pais\/\">Source link <\/a><\/p>\n","protected":false},"excerpt":{"rendered":"<p>A semana pode come\u00e7ar com um pouco de chuva sobre \u00e1reas do centro-norte e na Serra do Rio Grande do<\/p>\n","protected":false},"author":1,"featured_media":11839,"comment_status":"open","ping_status":"open","sticky":false,"template":"","format":"standard","meta":{"_monsterinsights_skip_tracking":false,"_monsterinsights_sitenote_active":false,"_monsterinsights_sitenote_note":"","_monsterinsights_sitenote_category":0,"_uf_show_specific_survey":0,"_uf_disable_surveys":false,"footnotes":""},"categories":[1],"tags":[],"class_list":["post-16689","post","type-post","status-publish","format-standard","has-post-thumbnail","hentry","category-news"],"_links":{"self":[{"href":"https:\/\/agromt.news\/index.php?rest_route=\/wp\/v2\/posts\/16689"}],"collection":[{"href":"https:\/\/agromt.news\/index.php?rest_route=\/wp\/v2\/posts"}],"about":[{"href":"https:\/\/agromt.news\/index.php?rest_route=\/wp\/v2\/types\/post"}],"author":[{"embeddable":true,"href":"https:\/\/agromt.news\/index.php?rest_route=\/wp\/v2\/users\/1"}],"replies":[{"embeddable":true,"href":"https:\/\/agromt.news\/index.php?rest_route=%2Fwp%2Fv2%2Fcomments&post=16689"}],"version-history":[{"count":0,"href":"https:\/\/agromt.news\/index.php?rest_route=\/wp\/v2\/posts\/16689\/revisions"}],"wp:featuredmedia":[{"embeddable":true,"href":"https:\/\/agromt.news\/index.php?rest_route=\/wp\/v2\/media\/11839"}],"wp:attachment":[{"href":"https:\/\/agromt.news\/index.php?rest_route=%2Fwp%2Fv2%2Fmedia&parent=16689"}],"wp:term":[{"taxonomy":"category","embeddable":true,"href":"https:\/\/agromt.news\/index.php?rest_route=%2Fwp%2Fv2%2Fcategories&post=16689"},{"taxonomy":"post_tag","embeddable":true,"href":"https:\/\/agromt.news\/index.php?rest_route=%2Fwp%2Fv2%2Ftags&post=16689"}],"curies":[{"name":"wp","href":"https:\/\/api.w.org\/{rel}","templated":true}]}}