{"id":16688,"date":"2025-07-14T10:16:42","date_gmt":"2025-07-14T14:16:42","guid":{"rendered":"https:\/\/agromt.news\/?p=16688"},"modified":"2025-07-14T10:16:42","modified_gmt":"2025-07-14T14:16:42","slug":"brasil-registra-estabilidade-enquanto-cotacoes-externas-caem","status":"publish","type":"post","link":"https:\/\/agromt.news\/?p=16688","title":{"rendered":"Brasil registra estabilidade enquanto cota\u00e7\u00f5es externas caem"},"content":{"rendered":"<p> <br \/>\n<br \/><img decoding=\"async\" src=\"https:\/\/agromt.news\/wp-content\/uploads\/2025\/06\/a-maior-demanda-externa-mantem-firme-a-cotacao-domestica.jpg\" \/><\/p>\n<div>\n<p>Os valores externos da soja ca\u00edram na \u00faltima semana, pressionados pelo clima favor\u00e1vel nas lavouras dos Estados Unidos e pelos estoques elevados no Brasil e na Argentina. Essa \u00e9 a avalia\u00e7\u00e3o dos pesquisadores do \u00a0<a href=\"https:\/\/www.canalrural.com.br\/tag\/cepea\/\">Centro de Estudos Avan\u00e7ados em Economia Aplicada (Cepea)<\/a>.\u00a0<\/p>\n<p>Segundo o instituto, as tarifas impostas pelo governo norte-americano tamb\u00e9m contribu\u00edram para intensificar a desvaloriza\u00e7\u00e3o internacional da soja. As tarifas passam a valer a partir de 1\u00b0 de agosto.<\/p>\n<\/div>\n<div>\n<p>Por outro lado, no mercado dom\u00e9stico, o movimento de baixa do in\u00edcio da semana passada foi interrompido.\u00a0<\/p>\n<p>Dessa forma, os pesquisadores explicam que a tens\u00e3o comercial entre os Estados Unidos e pa\u00edses importadores de gr\u00e3os e a valoriza\u00e7\u00e3o do d\u00f3lar frente ao Real tendem a redirecionar demandantes de soja norte-americana ao Brasil.<\/p>\n<p>*Sob supervis\u00e3o de Luis Roberto Toledo<\/p>\n<\/p><\/div>\n<p><br \/>\n<br \/><a href=\"https:\/\/www.canalrural.com.br\/agricultura\/soja-brasil-registra-estabilidade-enquanto-cotacoes-externas-caem\/\">Source link <\/a><\/p>\n","protected":false},"excerpt":{"rendered":"<p>Os valores externos da soja ca\u00edram na \u00faltima semana, pressionados pelo clima favor\u00e1vel nas lavouras dos Estados Unidos e pelos<\/p>\n","protected":false},"author":1,"featured_media":14816,"comment_status":"open","ping_status":"open","sticky":false,"template":"","format":"standard","meta":{"_monsterinsights_skip_tracking":false,"_monsterinsights_sitenote_active":false,"_monsterinsights_sitenote_note":"","_monsterinsights_sitenote_category":0,"_uf_show_specific_survey":0,"_uf_disable_surveys":false,"footnotes":""},"categories":[1],"tags":[],"class_list":["post-16688","post","type-post","status-publish","format-standard","has-post-thumbnail","hentry","category-news"],"_links":{"self":[{"href":"https:\/\/agromt.news\/index.php?rest_route=\/wp\/v2\/posts\/16688"}],"collection":[{"href":"https:\/\/agromt.news\/index.php?rest_route=\/wp\/v2\/posts"}],"about":[{"href":"https:\/\/agromt.news\/index.php?rest_route=\/wp\/v2\/types\/post"}],"author":[{"embeddable":true,"href":"https:\/\/agromt.news\/index.php?rest_route=\/wp\/v2\/users\/1"}],"replies":[{"embeddable":true,"href":"https:\/\/agromt.news\/index.php?rest_route=%2Fwp%2Fv2%2Fcomments&post=16688"}],"version-history":[{"count":0,"href":"https:\/\/agromt.news\/index.php?rest_route=\/wp\/v2\/posts\/16688\/revisions"}],"wp:featuredmedia":[{"embeddable":true,"href":"https:\/\/agromt.news\/index.php?rest_route=\/wp\/v2\/media\/14816"}],"wp:attachment":[{"href":"https:\/\/agromt.news\/index.php?rest_route=%2Fwp%2Fv2%2Fmedia&parent=16688"}],"wp:term":[{"taxonomy":"category","embeddable":true,"href":"https:\/\/agromt.news\/index.php?rest_route=%2Fwp%2Fv2%2Fcategories&post=16688"},{"taxonomy":"post_tag","embeddable":true,"href":"https:\/\/agromt.news\/index.php?rest_route=%2Fwp%2Fv2%2Ftags&post=16688"}],"curies":[{"name":"wp","href":"https:\/\/api.w.org\/{rel}","templated":true}]}}