{"id":16686,"date":"2025-07-14T09:59:09","date_gmt":"2025-07-14T13:59:09","guid":{"rendered":"https:\/\/agromt.news\/?p=16686"},"modified":"2025-07-14T09:59:09","modified_gmt":"2025-07-14T13:59:09","slug":"ministerio-da-agricultura-confirma-245-mortes-de-cavalos-por-racao-contaminada","status":"publish","type":"post","link":"https:\/\/agromt.news\/?p=16686","title":{"rendered":"Minist\u00e9rio da Agricultura confirma 245 mortes de cavalos por ra\u00e7\u00e3o contaminada"},"content":{"rendered":"<p> <br \/>\n<br \/><img decoding=\"async\" src=\"https:\/\/agromt.news\/wp-content\/uploads\/2025\/07\/Ministerio-da-Agricultura-confirma-245-mortes-de-cavalos-por-racao.png\" \/><\/p>\n<div>\n<p>A contamina\u00e7\u00e3o de ra\u00e7\u00f5es equinas da empresa Nutratta Nutri\u00e7\u00e3o Animal Ltda j\u00e1 provocou a morte de 245 cavalos nos estados de Minas Gerais, S\u00e3o Paulo, Rio de Janeiro e Alagoas, de acordo com o Minist\u00e9rio da Agricultura e Pecu\u00e1ria (Mapa) . Desde o recebimento da primeira den\u00fancia, em 26 de maio, por meio da Ouvidoria oficial, o <a href=\"https:\/\/www.canalrural.com.br\/network\/morte-equinos-racao-mapa-investigacao\/\">Mapa tem conduzido investiga\u00e7\u00f5es dos fatos.<\/a><\/p>\n<p>Em todas as propriedades investigadas os <a href=\"https:\/\/www.canalrural.com.br\/nacional\/cavalo-de-r-12-milhoes-morre-em-haras-por-suspeita-de-racao-contaminada\/\">equinos que adoeceram ou vieram a \u00f3bito consumiram produtos da empresa<\/a>. J\u00e1 os animais que n\u00e3o ingeriram as ra\u00e7\u00f5es permaneceram saud\u00e1veis, mesmo quando alojados nos mesmos ambientes.<\/p>\n<p>Os resultados das amostras coletadas e analisadas pelos Laborat\u00f3rios Federais de Defesa Agropecu\u00e1ria (LFDA) constataram a detec\u00e7\u00e3o de alcaloides pirrolizid\u00ednicos (subst\u00e2ncias t\u00f3xicas, chamada de monocrotalina, e incompat\u00edveis com a seguran\u00e7a alimentar animal).<\/p>\n<p>\u201cEsse \u00e9 um caso \u00fanico. Nunca, em toda a hist\u00f3ria do Minist\u00e9rio, hav\u00edamos identificado a presen\u00e7a dessa subst\u00e2ncia em ra\u00e7\u00e3o para equinos. \u00c9 a primeira vez que isso acontece\u201d, afirmou o secret\u00e1rio de Defesa Agropecu\u00e1ria, Carlos Goulart.<\/p>\n<p>\u201cEssa subst\u00e2ncia, mesmo em doses muito pequenas, pode causar problemas neurol\u00f3gicos e hep\u00e1ticos graves. A legisla\u00e7\u00e3o \u00e9 clara: ela n\u00e3o pode estar presente em nenhuma hip\u00f3tese\u201d, refor\u00e7ou o secret\u00e1rio.<\/p>\n<\/div>\n<div>\n<p>A investiga\u00e7\u00e3o aponta que a contamina\u00e7\u00e3o ocorreu por falha no controle da mat\u00e9ria-prima, que continha res\u00edduos de plantas do g\u00eanero crotalaria, respons\u00e1veis pela gera\u00e7\u00e3o da monocrotalina.<\/p>\n<p>Diante das irregularidades constatadas, o Mapa instaurou processo administrativo fiscalizat\u00f3rio, lavrou auto de infra\u00e7\u00e3o e determinou a suspens\u00e3o cautelar da fabrica\u00e7\u00e3o e comercializa\u00e7\u00e3o de ra\u00e7\u00f5es destinadas, inicialmente, a equ\u00eddeos. Posteriormente, a medida foi estendida para ra\u00e7\u00f5es de todas as esp\u00e9cies animais.<\/p>\n<p>Mesmo com a interdi\u00e7\u00e3o determinada pelo Minist\u00e9rio, a empresa obteve na Justi\u00e7a autoriza\u00e7\u00e3o para retomar parte da produ\u00e7\u00e3o n\u00e3o destinadas a equ\u00eddeos. O Mapa j\u00e1 recorreu da decis\u00e3o, apresentando novas evid\u00eancias t\u00e9cnicas que refor\u00e7am o risco sanit\u00e1rio representado pelos produtos e a necessidade de manuten\u00e7\u00e3o das medidas preventivas adotadas.<\/p>\n<p>O Minist\u00e9rio permanece atento a qualquer nova den\u00fancia e manter\u00e1 a sociedade informada com total transpar\u00eancia. As a\u00e7\u00f5es de fiscaliza\u00e7\u00e3o seguem refor\u00e7adas, com foco na prote\u00e7\u00e3o da sa\u00fade animal e na seguran\u00e7a da cadeia produtiva.<\/p>\n<p>\u201cEstamos acompanhando de perto. Precisamos garantir que todo o lote contaminado seja recolhido e que nenhum novo caso aconte\u00e7a\u201d, afirmou Goulart.<\/p>\n<\/p><\/div>\n<p><br \/>\n<br \/><a href=\"https:\/\/www.canalrural.com.br\/programas\/agro-nacional\/ministerio-da-agricultura-confirma-245-mortes-de-cavalos-por-racao-contaminada\/\">Source link <\/a><\/p>\n","protected":false},"excerpt":{"rendered":"<p>A contamina\u00e7\u00e3o de ra\u00e7\u00f5es equinas da empresa Nutratta Nutri\u00e7\u00e3o Animal Ltda j\u00e1 provocou a morte de 245 cavalos nos estados<\/p>\n","protected":false},"author":1,"featured_media":16687,"comment_status":"open","ping_status":"open","sticky":false,"template":"","format":"standard","meta":{"_monsterinsights_skip_tracking":false,"_monsterinsights_sitenote_active":false,"_monsterinsights_sitenote_note":"","_monsterinsights_sitenote_category":0,"_uf_show_specific_survey":0,"_uf_disable_surveys":false,"footnotes":""},"categories":[1],"tags":[],"class_list":["post-16686","post","type-post","status-publish","format-standard","has-post-thumbnail","hentry","category-news"],"_links":{"self":[{"href":"https:\/\/agromt.news\/index.php?rest_route=\/wp\/v2\/posts\/16686"}],"collection":[{"href":"https:\/\/agromt.news\/index.php?rest_route=\/wp\/v2\/posts"}],"about":[{"href":"https:\/\/agromt.news\/index.php?rest_route=\/wp\/v2\/types\/post"}],"author":[{"embeddable":true,"href":"https:\/\/agromt.news\/index.php?rest_route=\/wp\/v2\/users\/1"}],"replies":[{"embeddable":true,"href":"https:\/\/agromt.news\/index.php?rest_route=%2Fwp%2Fv2%2Fcomments&post=16686"}],"version-history":[{"count":0,"href":"https:\/\/agromt.news\/index.php?rest_route=\/wp\/v2\/posts\/16686\/revisions"}],"wp:featuredmedia":[{"embeddable":true,"href":"https:\/\/agromt.news\/index.php?rest_route=\/wp\/v2\/media\/16687"}],"wp:attachment":[{"href":"https:\/\/agromt.news\/index.php?rest_route=%2Fwp%2Fv2%2Fmedia&parent=16686"}],"wp:term":[{"taxonomy":"category","embeddable":true,"href":"https:\/\/agromt.news\/index.php?rest_route=%2Fwp%2Fv2%2Fcategories&post=16686"},{"taxonomy":"post_tag","embeddable":true,"href":"https:\/\/agromt.news\/index.php?rest_route=%2Fwp%2Fv2%2Ftags&post=16686"}],"curies":[{"name":"wp","href":"https:\/\/api.w.org\/{rel}","templated":true}]}}