{"id":16681,"date":"2025-07-14T07:22:20","date_gmt":"2025-07-14T11:22:20","guid":{"rendered":"https:\/\/agromt.news\/?p=16681"},"modified":"2025-07-14T07:22:20","modified_gmt":"2025-07-14T11:22:20","slug":"produtores-amapaenses-criam-subprodutos-com-abacaxi-de-porto-grande","status":"publish","type":"post","link":"https:\/\/agromt.news\/?p=16681","title":{"rendered":"Produtores amapaenses criam subprodutos com &#8216;Abacaxi de Porto Grande&#8217;"},"content":{"rendered":"<p> <br \/>\n<\/p>\n<div>\n<p>Mais do que uma fruta simb\u00f3lica para o munic\u00edpio, o \u2018<a href=\"https:\/\/www.canalrural.com.br\/agricultura\/abacaxi-garante-primeira-indicacao-geografica-para-estado-brasileiro\/\">Abacaxi de Porto Grande<\/a>\u2018, no Amap\u00e1 (AP), se tornou um exemplo inspirador de como a agricultura familiar pode se reinventar e prosperar por meio de iniciativas sustent\u00e1veis e empreendedoras.<\/p>\n<p>Mircea Agostinelli Amador Diniz, produtora rural, professora e tesoureira da Associa\u00e7\u00e3o de Produtores de Abacaxi de Porto Grande, relembra como tudo come\u00e7ou. <\/p>\n<p>\u201cEsse abacaxi foi trazido por trabalhadores da antiga Icomi [empresa de min\u00e9rios amapaense] e, aos poucos, as fam\u00edlias locais passaram a cultiv\u00e1-lo e vend\u00ea-lo nas feiras. Hoje, ele \u00e9 o s\u00edmbolo do nosso munic\u00edpio.\u201d<\/p>\n<p>O reconhecimento institucional veio em 2024, quando o abacaxi recebeu o selo de Indica\u00e7\u00e3o Geogr\u00e1fica (IG), na modalidade de Proced\u00eancia (IP), concedido pelo Instituto Nacional da Propriedade Industrial (Inpi). Essa conquista valorizou ainda mais a produ\u00e7\u00e3o regional e impulsionou os produtores a avan\u00e7arem.<\/p>\n<figure class=\"wp-block-image size-large is-resized\"><img fetchpriority=\"high\" decoding=\"async\" width=\"1024\" height=\"485\" alt=\"Foto de um abacaxi ainda no p\u00e9 \" class=\"wp-image-4109244\" style=\"width:686px;height:auto\"  data-lazy- src=\"https:\/\/agromt.news\/wp-content\/uploads\/2025\/07\/Produtores-amapaenses-criam-subprodutos-com-Abacaxi-de-Porto-Grande.jpg\"\/><img decoding=\"async\" width=\"1024\" height=\"485\" src=\"https:\/\/agromt.news\/wp-content\/uploads\/2025\/07\/Produtores-amapaenses-criam-subprodutos-com-Abacaxi-de-Porto-Grande.jpg\" alt=\"Foto de um abacaxi ainda no p\u00e9 \" class=\"wp-image-4109244\" style=\"width:686px;height:auto\"  \/><figcaption class=\"wp-element-caption\">Abacaxi de Porto Grande reconhecido com Indica\u00e7\u00e3o de Proced\u00eancia pelo Inpi. Foto: Arquivo pessoal<\/figcaption><\/figure>\n<p>Segundo o Inpi, o \u2018Abacaxi de Porto Grande\u2019 \u00e9 comercializado em restaurantes, quiosques e pra\u00e7as de Macap\u00e1 na forma de <a href=\"https:\/\/www.gov.br\/inpi\/pt-br\/central-de-conteudo\/noticias\/inpi-reconhece-a-primeira-ig-do-amapa-abacaxi-de-porto-grande\">abacaxi temperado<\/a> \u2014 uma tradi\u00e7\u00e3o que frequentemente chama a aten\u00e7\u00e3o dos turistas que visitam a capital. <\/p>\n<p>Al\u00e9m disso, no Caderno de Especifica\u00e7\u00f5es T\u00e9cnicas apresentado ao instituto, o fruto \u00e9 identificado como da variedade p\u00e9rola, com sabor adocicado, perfume marcante e colora\u00e7\u00e3o amarela clara.<\/p>\n<p>\u201cO reconhecimento de Indica\u00e7\u00e3o de Proced\u00eancia do abacaxi mais doce do Brasil foi uma mistura de emo\u00e7\u00e3o com dever cumprido. Porque foi um trabalho muito grande. Tinha momentos em que a gente pensava que n\u00e3o ia dar certo. E ver esse reconhecimento \u00e9 maravilhoso. \u00c9 uma sensa\u00e7\u00e3o indescrit\u00edvel\u201d, relata Diniz, emocionada.<\/p>\n<ul class=\"wp-block-list\">\n<li><em>Participe do Porteira Aberta Empreender: envie perguntas, sugest\u00f5es e conte sua hist\u00f3ria de empreendedorismo pelo\u00a0<\/em><a href=\"https:\/\/api.whatsapp.com\/send?phone=5511932796720&amp;PorteiraAbertaEmpreender=SuaMensagem\"><strong>WhatsApp<\/strong><\/a><\/li>\n<\/ul>\n<\/div>\n<div>\n<h2 class=\"wp-block-heading\" id=\"h-apoio-do-sebrae-na-geracao-dos-negocios\">Apoio do Sebrae na gera\u00e7\u00e3o dos neg\u00f3cios<\/h2>\n<p>Com o suporte de institui\u00e7\u00f5es como o <strong><a href=\"https:\/\/sebrae.com.br\/sites\/PortalSebrae\/ufs\/ap\/quem_somos\">Sebrae\/AP<\/a><\/strong>, os produtores celebram n\u00e3o apenas a certifica\u00e7\u00e3o, mas tamb\u00e9m os avan\u00e7os no aproveitamento integral da fruta. <\/p>\n<p>Com isso, surgiram subprodutos como <strong>mela\u00e7o da casca, compotas, balas e geleias,<\/strong> que fortaleceram a agroind\u00fastria local e ampliaram as fontes de renda.<\/p>\n<p>\u201cEles enxergaram possibilidades que n\u00e3o v\u00edamos. Cada embalagem, cada novo produto teve o toque do Sebrae. Somos muito gratos\u201d, afirma a produtora, refor\u00e7ando o impacto positivo do apoio institucional no crescimento do neg\u00f3cio.<\/p>\n<figure class=\"wp-block-image size-full is-resized\"><img decoding=\"async\" width=\"1599\" height=\"1066\" alt=\"Foto de produtos \u00e0 base de abacaxi \" class=\"wp-image-4109258\" style=\"width:591px;height:auto\"  data-lazy- src=\"https:\/\/agromt.news\/wp-content\/uploads\/2025\/07\/Produtores-amapaenses-criam-subprodutos-com-Abacaxi-de-Porto-Grande.jpeg\"\/><img loading=\"lazy\" decoding=\"async\" width=\"1599\" height=\"1066\" src=\"https:\/\/agromt.news\/wp-content\/uploads\/2025\/07\/Produtores-amapaenses-criam-subprodutos-com-Abacaxi-de-Porto-Grande.jpeg\" alt=\"Foto de produtos \u00e0 base de abacaxi \" class=\"wp-image-4109258\" style=\"width:591px;height:auto\"  \/><figcaption class=\"wp-element-caption\">\n\u201cCada embalagem, cada novo produto teve o toque do Sebrae\u201d, diz Diniz. Foto: Arquivo pessoal <\/figcaption><\/figure>\n<h2 class=\"wp-block-heading\" id=\"h-geracao-de-renda\"><strong>Gera\u00e7\u00e3o de Renda <\/strong><\/h2>\n<p>Al\u00e9m de fomentar o empreendedorismo rural, a iniciativa tamb\u00e9m fortaleceu o v\u00ednculo social entre as gera\u00e7\u00f5es. \u201cCom esses subprodutos, conseguimos emprego para os nossos filhos e para os filhos dos s\u00f3cios da nossa associa\u00e7\u00e3o. Eles estudam meio per\u00edodo e, na outra parte do dia, produzem na f\u00e1brica. \u00c9 uma fonte de renda para eles tamb\u00e9m.\u201d <\/p>\n<p>Com isso, vem mais novidade por a\u00ed, j\u00e1 que a sustentabilidade \u00e9 parte essencial do neg\u00f3cio dos produtores de Porto Grande. <\/p>\n<p>\u201cEstamos estudando formas de aproveitar a coroa e as folhas do abacaxi. J\u00e1 tem gente fazendo tecido com fibra da folha. A sustentabilidade \u00e9 tudo: nos ajuda a preservar e a inovar.\u201d  <\/p>\n<p>No entanto, essa trajet\u00f3ria mostra que, com apoio t\u00e9cnico, vis\u00e3o empreendedora e compromisso com o meio ambiente, \u00e9 poss\u00edvel transformar o cotidiano rural em uma hist\u00f3ria de supera\u00e7\u00e3o e protagonismo no agroneg\u00f3cio brasileiro.<\/p>\n<\/p><\/div>\n<p><br \/>\n<br \/><a href=\"https:\/\/www.canalrural.com.br\/empreendedorismo\/produtores-amapaenses-criam-subprodutos-com-abacaxi-de-porto-grande\/\">Source link <\/a><\/p>\n","protected":false},"excerpt":{"rendered":"<p>Mais do que uma fruta simb\u00f3lica para o munic\u00edpio, o \u2018Abacaxi de Porto Grande\u2018, no Amap\u00e1 (AP), se tornou um<\/p>\n","protected":false},"author":1,"featured_media":16682,"comment_status":"open","ping_status":"open","sticky":false,"template":"","format":"standard","meta":{"_monsterinsights_skip_tracking":false,"_monsterinsights_sitenote_active":false,"_monsterinsights_sitenote_note":"","_monsterinsights_sitenote_category":0,"_uf_show_specific_survey":0,"_uf_disable_surveys":false,"footnotes":""},"categories":[1],"tags":[],"class_list":["post-16681","post","type-post","status-publish","format-standard","has-post-thumbnail","hentry","category-news"],"_links":{"self":[{"href":"https:\/\/agromt.news\/index.php?rest_route=\/wp\/v2\/posts\/16681"}],"collection":[{"href":"https:\/\/agromt.news\/index.php?rest_route=\/wp\/v2\/posts"}],"about":[{"href":"https:\/\/agromt.news\/index.php?rest_route=\/wp\/v2\/types\/post"}],"author":[{"embeddable":true,"href":"https:\/\/agromt.news\/index.php?rest_route=\/wp\/v2\/users\/1"}],"replies":[{"embeddable":true,"href":"https:\/\/agromt.news\/index.php?rest_route=%2Fwp%2Fv2%2Fcomments&post=16681"}],"version-history":[{"count":0,"href":"https:\/\/agromt.news\/index.php?rest_route=\/wp\/v2\/posts\/16681\/revisions"}],"wp:featuredmedia":[{"embeddable":true,"href":"https:\/\/agromt.news\/index.php?rest_route=\/wp\/v2\/media\/16682"}],"wp:attachment":[{"href":"https:\/\/agromt.news\/index.php?rest_route=%2Fwp%2Fv2%2Fmedia&parent=16681"}],"wp:term":[{"taxonomy":"category","embeddable":true,"href":"https:\/\/agromt.news\/index.php?rest_route=%2Fwp%2Fv2%2Fcategories&post=16681"},{"taxonomy":"post_tag","embeddable":true,"href":"https:\/\/agromt.news\/index.php?rest_route=%2Fwp%2Fv2%2Ftags&post=16681"}],"curies":[{"name":"wp","href":"https:\/\/api.w.org\/{rel}","templated":true}]}}