{"id":16680,"date":"2025-07-14T07:04:53","date_gmt":"2025-07-14T11:04:53","guid":{"rendered":"https:\/\/agromt.news\/?p=16680"},"modified":"2025-07-14T07:04:53","modified_gmt":"2025-07-14T11:04:53","slug":"ha-possibilidade-de-alta-na-soja","status":"publish","type":"post","link":"https:\/\/agromt.news\/?p=16680","title":{"rendered":"H\u00e1 possibilidade de alta na soja"},"content":{"rendered":"<p> <br \/>\n<\/p>\n<div>\n<div class=\"row\">\n<div class=\"col-lg col-infos mt-0 mt-lg-0\">\n<div class=\"section-sub-title\">\n<p itemprop=\"description\">&#13;<br \/>\n                                Por outro lado, h\u00e1 fatores de baixa que exigem cautela&#13;\n                            <\/p>\n<\/p><\/div>\n<div class=\"container\">\n<div class=\"row\">\n<div class=\"col-lg p-0\">\n<div>\n<div class=\"block-news-main-infos mt-3 text-start\">\n<p>                                            <strong class=\"fn\" itemprop=\"author\" style=\"color: rgb(112, 112, 112); \">&#13;<br \/>\n                                                <a href=\"https:\/\/www.agrolink.com.br\/noticias\/javascript:;\" class=\"text-uppercase\" target=\"_blank\" style=\"color: rgb(112, 112, 112); \" rel=\"noopener\">Agrolink<\/a>&#13;<br \/>\n&#13;<br \/>\n                                                    &#8211; Leonardo Gottems&#13;<br \/>\n&#13;<br \/>\n                                            <\/strong><br \/>\n                                        <\/p>\n<p>                                            <abbr><time datetime=\"2025-07-14T07:08\" itemprop=\"datePublished dateModified\">Publicado em 14\/07\/2025 \u00e0s 07:08h.<\/time><\/abbr><br \/>\n                                            <\/p><\/div>\n<\/p><\/div>\n<\/p><\/div>\n<div class=\"col-lg p-0 text-lg-end\">\n<div>\n<div id=\"mdEnviarPagina\" class=\"modal fade\" role=\"dialog\">\n<div class=\"modal-dialog\">\n<div class=\"modal-content\">\n<div class=\"modal-body\">\n<p><strong>Estimado usu\u00e1rio.<\/strong><br \/>Preencha o formul\u00e1rio abaixo para remeter a p\u00e1gina.<\/p>\n<\/p><\/div>\n<\/p><\/div>\n<\/p><\/div>\n<\/div><\/div>\n<\/p><\/div>\n<\/p><\/div>\n<\/p><\/div>\n<\/p><\/div>\n<\/p><\/div>\n<div class=\"row justify-content-md-center mt-3\">\n<div class=\"col-lg-auto col-image block-news-main-image\">\n<p>                                <img decoding=\"async\" src=\"https:\/\/www.agrolink.com.br\/upload\/imagens-resizes\/12852dfe860d4fed968e882aa4869412_858x483.jpg\" class=\"lazyload img-fluid\" alt=\"Por outro lado, h\u00e1 fatores de baixa que exigem cautela\"\/><br \/>\n                                                <span class=\"d-block mt-1\">Por outro lado, h\u00e1 fatores de baixa que exigem cautela &#8211; Foto: Pixabay<\/span><\/p><\/div>\n<\/p><\/div>\n<div class=\"section-description section-description-noticias mt-3\">\n<p>Segundo an\u00e1lise da TF Agroecon\u00f4mica, com o Brasil praticamente isolado no fornecimento de grandes volumes de <a href=\"https:\/\/www.agrolink.com.br\/culturas\/soja?utm_source=agrolink-detalhe-noticia&amp;utm_medium=detalhe-noticia&amp;utm_campaign=links-internos\" target=\"_blank\" rel=\"noopener\">soja<\/a> no mercado internacional, h\u00e1 uma janela favor\u00e1vel para alta dos pre\u00e7os. No entanto, a consultoria alerta que os produtores brasileiros j\u00e1 perderam metade do lucro dispon\u00edvel ao n\u00e3o fixarem pre\u00e7os em maio de 2024. Por isso, a principal recomenda\u00e7\u00e3o \u00e9 aprender a operar no mercado futuro de Chicago e dividir a produ\u00e7\u00e3o em pelo menos 10 lotes, vendendo gradualmente a cada alta.&#13;\n<\/p>\n<p>Entre os principais fatores de alta, est\u00e3o: o aumento do \u00f3leo de soja nos EUA, impulsionado pelas tarifas impostas ao Canad\u00e1 que reduzem a competitividade do \u00f3leo de canola; nova venda de 219.900 toneladas de soja americana para o M\u00e9xico; a desvaloriza\u00e7\u00e3o do real, que mesmo ap\u00f3s queda de 10,45% no ano, recuperou 2,64% na \u00faltima semana; o aumento da demanda chinesa pelo gr\u00e3o brasileiro; e a valoriza\u00e7\u00e3o dos pr\u00eamios de exporta\u00e7\u00e3o, que saltaram de -5 para +10 cents\/bushel entre os dias 1\u00ba e 12 de julho \u2014 um ganho de US\\$ 3,34\/tonelada para a soja brasileira.<\/p>\n<p>Por outro lado, h\u00e1 fatores de baixa que exigem cautela. A China segue sem demonstrar interesse pela soja americana da nova safra, mas as boas condi\u00e7\u00f5es clim\u00e1ticas no cintur\u00e3o produtor dos EUA favorecem o desenvolvimento das lavouras. Al\u00e9m disso, a Conab e a ANEC apontam aumento nas exporta\u00e7\u00f5es brasileiras, o que pode pressionar pre\u00e7os. A Argentina tamb\u00e9m teve sua produ\u00e7\u00e3o elevada para 49,9 milh\u00f5es de toneladas. O USDA, embora tenha reduzido ligeiramente a produ\u00e7\u00e3o dos EUA, elevou proje\u00e7\u00f5es de esmagamento e consumo, mas aumentou os estoques finais para 8,44 milh\u00f5es de toneladas, o que limita o espa\u00e7o para altas expressivas.&#13;\n<\/p>\n<p>Diante desse cen\u00e1rio complexo e vol\u00e1til, a TF Agroecon\u00f4mica refor\u00e7a a import\u00e2ncia do acompanhamento di\u00e1rio do mercado e do uso de ferramentas de prote\u00e7\u00e3o de pre\u00e7os, especialmente em um momento em que os produtores brasileiros t\u00eam grande protagonismo nas exporta\u00e7\u00f5es globais.<\/p>\n<\/p><\/div>\n<\/p><\/div>\n<p><script data-cfasync=\"false\">\n    !function (f, b, e, v, n, t, s) {\n        if (f.fbq) return; n = f.fbq = function () {\n            n.callMethod ?\n                n.callMethod.apply(n, arguments) : n.queue.push(arguments)\n        };\n        if (!f._fbq) f._fbq = n; n.push = n; n.loaded = !0; n.version = '2.0';\n        n.queue = []; t = b.createElement(e); t.async = !0;\n        t.src = v; s = b.getElementsByTagName(e)[0];\n        s.parentNode.insertBefore(t, s)\n    }(window, document, 'script',\n        'https:\/\/connect.facebook.net\/en_US\/fbevents.js');\n    fbq('init', '522546078623747');\n    fbq('track', 'PageView');\n<\/script><br \/>\n<br \/><br \/>\n<br \/><a href=\"https:\/\/www.agrolink.com.br\/noticias\/ha-possibilidade-de-alta-na-soja_503868.html\">Source link <\/a><\/p>\n","protected":false},"excerpt":{"rendered":"<p>&#13; Por outro lado, h\u00e1 fatores de baixa que exigem cautela&#13; &#13; Agrolink&#13; &#13; &#8211; Leonardo Gottems&#13; &#13; Publicado em<\/p>\n","protected":false},"author":1,"featured_media":6432,"comment_status":"open","ping_status":"open","sticky":false,"template":"","format":"standard","meta":{"_monsterinsights_skip_tracking":false,"_monsterinsights_sitenote_active":false,"_monsterinsights_sitenote_note":"","_monsterinsights_sitenote_category":0,"_uf_show_specific_survey":0,"_uf_disable_surveys":false,"footnotes":""},"categories":[8,1,14],"tags":[],"class_list":["post-16680","post","type-post","status-publish","format-standard","has-post-thumbnail","hentry","category-agro","category-news","category-politica-agro"],"_links":{"self":[{"href":"https:\/\/agromt.news\/index.php?rest_route=\/wp\/v2\/posts\/16680"}],"collection":[{"href":"https:\/\/agromt.news\/index.php?rest_route=\/wp\/v2\/posts"}],"about":[{"href":"https:\/\/agromt.news\/index.php?rest_route=\/wp\/v2\/types\/post"}],"author":[{"embeddable":true,"href":"https:\/\/agromt.news\/index.php?rest_route=\/wp\/v2\/users\/1"}],"replies":[{"embeddable":true,"href":"https:\/\/agromt.news\/index.php?rest_route=%2Fwp%2Fv2%2Fcomments&post=16680"}],"version-history":[{"count":0,"href":"https:\/\/agromt.news\/index.php?rest_route=\/wp\/v2\/posts\/16680\/revisions"}],"wp:featuredmedia":[{"embeddable":true,"href":"https:\/\/agromt.news\/index.php?rest_route=\/wp\/v2\/media\/6432"}],"wp:attachment":[{"href":"https:\/\/agromt.news\/index.php?rest_route=%2Fwp%2Fv2%2Fmedia&parent=16680"}],"wp:term":[{"taxonomy":"category","embeddable":true,"href":"https:\/\/agromt.news\/index.php?rest_route=%2Fwp%2Fv2%2Fcategories&post=16680"},{"taxonomy":"post_tag","embeddable":true,"href":"https:\/\/agromt.news\/index.php?rest_route=%2Fwp%2Fv2%2Ftags&post=16680"}],"curies":[{"name":"wp","href":"https:\/\/api.w.org\/{rel}","templated":true}]}}