{"id":16679,"date":"2025-07-13T19:24:51","date_gmt":"2025-07-13T23:24:51","guid":{"rendered":"https:\/\/agromt.news\/?p=16679"},"modified":"2025-07-13T19:24:51","modified_gmt":"2025-07-13T23:24:51","slug":"frigorificos-saem-do-mercado-avaliando-impactos-de-novas-tarifas-dos-eua-ao-brasil","status":"publish","type":"post","link":"https:\/\/agromt.news\/?p=16679","title":{"rendered":"Frigor\u00edficos saem do mercado, avaliando impactos de novas tarifas dos EUA ao Brasil"},"content":{"rendered":"<p> <br \/>\n<br \/><img decoding=\"async\" src=\"https:\/\/agromt.news\/wp-content\/uploads\/2024\/10\/Brasil-caminha-para-recorde-historico-nas-exportacoes-de-carne-em.jpg\" \/><\/p>\n<div>\n<pre class=\"wp-block-code\"><code>O mercado f\u00edsico do boi gordo encerrou a semana com os frigor\u00edficos ausentes da compra de gado em meio \u00e0s avalia\u00e7\u00f5es dos impactos que podem surgir diante das novas tarifas adicionais de 50% que os <strong><a href=\"https:\/\/www.canalrural.com.br\/tag\/estados-unidos\/\">Estados Unidos<\/a><\/strong> pretendem implantar ao Brasil a partir de 1 de agosto.<\/code><\/pre>\n<pre class=\"wp-block-code\"><code>De acordo com o analista de Safras &amp; Mercado Fernando Iglesias, o mercado futuro do boi tamb\u00e9m apresentou intenso movimento de queda, especialmente na quinta-feira (10), considerando a relev\u00e2ncia dos norte-americanos nas compras brasileiras, que em 2025 respondem por aproximadamente 15% das vendas nacionais de carne bovina.<\/code><\/pre>\n<p>\u201cDiante do aumento da tarifa\u00e7\u00e3o, o Brasil perder\u00e1 competitividade em rela\u00e7\u00e3o \u00e0 Austr\u00e1lia, Argentina e Uruguai. Se n\u00e3o houver mudan\u00e7as at\u00e9 o final do m\u00eas, a expectativa \u00e9 de perda de participa\u00e7\u00e3o do Brasil no mercado norte-americano\u201d, sinaliza.<\/p>\n<h2 class=\"wp-block-heading\" id=\"h-variacao-de-precos-da-arroba-do-boi\">Varia\u00e7\u00e3o de pre\u00e7os da arroba do boi<\/h2>\n<p>Os pre\u00e7os da arroba do boi gordo na modalidade a prazo nas principais pra\u00e7as de comercializa\u00e7\u00e3o do Brasil estavam assim em 11 de julho em compara\u00e7\u00e3o ao dia 4:<\/p>\n<ul class=\"wp-block-list\">\n<li><strong>S\u00e3o Paulo (Capital):<\/strong> R$ 300, queda de 3,23% frente aos R$ 310<\/li>\n<li><strong>Goi\u00e1s (Goi\u00e2nia):<\/strong> R$ 290, recuo de 1,69% perante os R$ 295<\/li>\n<li><strong>Minas Gerais (Uberaba):<\/strong> R$ 295, baixa de 1,67% frente aos R$ 300<\/li>\n<li><strong>Mato Grosso do Sul (Dourados):<\/strong> R$ 305, retra\u00e7\u00e3o de 1,61% ante aos R$ 310<\/li>\n<li><strong>Mato Grosso (Cuiab\u00e1):<\/strong> R$ 315, est\u00e1vel<\/li>\n<li><strong>Rond\u00f4nia (Vilhena):<\/strong> R$ 275, inalterado<\/li>\n<\/ul>\n<h2 class=\"wp-block-heading\" id=\"h-mercado-atacadista\">Mercado atacadista<\/h2>\n<pre class=\"wp-block-code\"><code>O mercado atacadista se deparou com pre\u00e7os mistos no decorrer da semana, avalia Iglesias.<\/code><\/pre>\n<p>Segundo ele, o ambiente de neg\u00f3cios sugere algum espa\u00e7o para reajustes no decorrer da primeira quinzena do m\u00eas, per\u00edodo pautado por maior apelo ao consumo. <\/p>\n<\/div>\n<div>\n<p>\u201cVale destacar que a carne de frango ganhou grande competitividade em rela\u00e7\u00e3o \u00e0s concorrentes, em especial na compara\u00e7\u00e3o com a carne bovina\u201d, conta.<\/p>\n<pre class=\"wp-block-code\"><code>O quarto do traseiro do boi foi cotado a R$ 22,50 o quilo, queda de 2,17% frente aos R$ 23 da semana passada. J\u00e1 o quarto do dianteiro do boi foi vendido por R$ 18,75 o quilo, aumento de 1,35% em compara\u00e7\u00e3o aos R$ 18,50 registrados no per\u00edodo anterior.<\/code><\/pre>\n<h2 class=\"wp-block-heading\" id=\"h-exportacoes-de-carne-bovina\">Exporta\u00e7\u00f5es de carne bovina<\/h2>\n<p>As exporta\u00e7\u00f5es de carne bovina fresca, congelada ou refrigerada do Brasil renderam US$ 269,931 milh\u00f5es em julho (4 dias \u00fateis), com m\u00e9dia di\u00e1ria de US$ 67,483 milh\u00f5es, de acordo com a Secretaria de Com\u00e9rcio Exterior (Secex).<\/p>\n<p>A quantidade total exportada pelo pa\u00eds chegou a 48,715 mil toneladas, com m\u00e9dia di\u00e1ria de 12,178 mil toneladas. O pre\u00e7o m\u00e9dio da tonelada ficou em US$ 5.541,00.<\/p>\n<pre class=\"wp-block-code\"><code>Assim, em rela\u00e7\u00e3o a julho de 2024, houve alta de <strong>48,4%<\/strong> no valor m\u00e9dio di\u00e1rio da exporta\u00e7\u00e3o, ganho de <strong>18,1%<\/strong> na quantidade m\u00e9dia di\u00e1ria exportada e avan\u00e7o de <strong>25,7%<\/strong> no pre\u00e7o m\u00e9dio.<\/code><\/pre>\n<\/p><\/div>\n<p><br \/>\n<br \/><a href=\"https:\/\/www.canalrural.com.br\/pecuaria\/frigorificos-saem-do-mercado-avaliando-impactos-de-novas-tarifas-dos-eua-ao-brasil\/\">Source link <\/a><\/p>\n","protected":false},"excerpt":{"rendered":"<p>O mercado f\u00edsico do boi gordo encerrou a semana com os frigor\u00edficos ausentes da compra de gado em meio \u00e0s<\/p>\n","protected":false},"author":1,"featured_media":12508,"comment_status":"open","ping_status":"open","sticky":false,"template":"","format":"standard","meta":{"_monsterinsights_skip_tracking":false,"_monsterinsights_sitenote_active":false,"_monsterinsights_sitenote_note":"","_monsterinsights_sitenote_category":0,"_uf_show_specific_survey":0,"_uf_disable_surveys":false,"footnotes":""},"categories":[1],"tags":[],"class_list":["post-16679","post","type-post","status-publish","format-standard","has-post-thumbnail","hentry","category-news"],"_links":{"self":[{"href":"https:\/\/agromt.news\/index.php?rest_route=\/wp\/v2\/posts\/16679"}],"collection":[{"href":"https:\/\/agromt.news\/index.php?rest_route=\/wp\/v2\/posts"}],"about":[{"href":"https:\/\/agromt.news\/index.php?rest_route=\/wp\/v2\/types\/post"}],"author":[{"embeddable":true,"href":"https:\/\/agromt.news\/index.php?rest_route=\/wp\/v2\/users\/1"}],"replies":[{"embeddable":true,"href":"https:\/\/agromt.news\/index.php?rest_route=%2Fwp%2Fv2%2Fcomments&post=16679"}],"version-history":[{"count":0,"href":"https:\/\/agromt.news\/index.php?rest_route=\/wp\/v2\/posts\/16679\/revisions"}],"wp:featuredmedia":[{"embeddable":true,"href":"https:\/\/agromt.news\/index.php?rest_route=\/wp\/v2\/media\/12508"}],"wp:attachment":[{"href":"https:\/\/agromt.news\/index.php?rest_route=%2Fwp%2Fv2%2Fmedia&parent=16679"}],"wp:term":[{"taxonomy":"category","embeddable":true,"href":"https:\/\/agromt.news\/index.php?rest_route=%2Fwp%2Fv2%2Fcategories&post=16679"},{"taxonomy":"post_tag","embeddable":true,"href":"https:\/\/agromt.news\/index.php?rest_route=%2Fwp%2Fv2%2Ftags&post=16679"}],"curies":[{"name":"wp","href":"https:\/\/api.w.org\/{rel}","templated":true}]}}