{"id":16673,"date":"2025-07-13T13:28:27","date_gmt":"2025-07-13T17:28:27","guid":{"rendered":"https:\/\/agromt.news\/?p=16673"},"modified":"2025-07-13T13:28:27","modified_gmt":"2025-07-13T17:28:27","slug":"trump-ataca-o-brasil-e-nos-obriga-a-repensar-o-futuro","status":"publish","type":"post","link":"https:\/\/agromt.news\/?p=16673","title":{"rendered":"Trump ataca o Brasil e nos obriga a repensar o futuro"},"content":{"rendered":"<p> <br \/>\n<\/p>\n<div>\n<p>A imposi\u00e7\u00e3o de tarifas de 50% pelos Estados Unidos sobre os produtos brasileiros n\u00e3o \u00e9 apenas um rev\u00e9s comercial, \u00e9 um alerta geopol\u00edtico. Essa medida, tomada de forma unilateral e com forte tom ideol\u00f3gico pelo presidente Donald Trump, escancara o uso do com\u00e9rcio internacional como arma pol\u00edtica. E coloca o Brasil, mais uma vez, no papel de pa\u00eds vulner\u00e1vel \u00e0 instabilidade dos grandes.<\/p>\n<p>Como analista h\u00e1 anos dedicado a entender a engrenagem entre pol\u00edtica e economia, vejo nessa decis\u00e3o um movimento que vai muito al\u00e9m das exporta\u00e7\u00f5es de caf\u00e9, suco de laranja, a\u00e7o ou aeronaves. O que est\u00e1 em jogo \u00e9 a nossa capacidade de projetar uma vis\u00e3o estrat\u00e9gica de na\u00e7\u00e3o. E \u00e9 aqui que entra a cr\u00edtica: seguimos exportando produtos de baixo valor agregado, com pouca diversifica\u00e7\u00e3o de mercados e com enorme depend\u00eancia de poucos parceiros comerciais.<\/p>\n<p>Crescemos nas exporta\u00e7\u00f5es, mas n\u00e3o crescemos politicamente. Nossa classe pol\u00edtica tem se mostrado incapaz de preparar o Brasil para os novos desafios globais. Somos um gigante com cabe\u00e7a pequena e p\u00e9s de barro: vendemos muito, mas pensamos pouco. Enquanto o mundo se move com rapidez e estrat\u00e9gia, ficamos presos em disputas ideol\u00f3gicas est\u00e9reis. Essa ignor\u00e2ncia custa caro, e penaliza justamente os mais pobres, que pagam a conta da paralisia pol\u00edtica e do atraso institucional.<\/p>\n<p>As estimativas do BTG Pactual de queda de at\u00e9 US$ 13 bilh\u00f5es em exporta\u00e7\u00f5es at\u00e9 2026 s\u00e3o relevantes, mas o que mais preocupa n\u00e3o \u00e9 o n\u00famero absoluto, e sim o tipo de produto afetado: petr\u00f3leo, caf\u00e9, ferro, carne e suco de laranja. Ou seja, a espinha dorsal do nosso agro e da nossa ind\u00fastria b\u00e1sica. Produtos que geram emprego, arrecada\u00e7\u00e3o e que, historicamente, sustentam o super\u00e1vit da balan\u00e7a comercial.<\/p>\n<p>\u00c9 evidente que o Brasil tem alternativas de mercado. <strong><a href=\"https:\/\/www.canalrural.com.br\/tag\/china\">China<\/a><\/strong>, \u00cdndia, Vietn\u00e3, Emirados \u00c1rabes e at\u00e9 a Uni\u00e3o Europeia aparecem como poss\u00edveis destinos. Mas isso exige log\u00edstica eficiente, acordos comerciais bem costurados e, principalmente, qualidade e competitividade.<\/p>\n<\/div>\n<div>\n<p>O problema \u00e9 que ainda patinamos nesses pontos. Nossa infraestrutura \u00e9 prec\u00e1ria, os gargalos log\u00edsticos encarecem o frete e as negocia\u00e7\u00f5es externas s\u00e3o lentas e reativas. O mundo pede agilidade e sofistica\u00e7\u00e3o, enquanto nosso modelo exportador ainda \u00e9 basicamente prim\u00e1rio.<\/p>\n<h2 class=\"wp-block-heading\" id=\"h-uma-janela-de-reinvencao\">Uma janela de reinven\u00e7\u00e3o<\/h2>\n<p>Apesar do baque, esta crise pode ser uma chance hist\u00f3rica de rever rumos. O governo precisa parar de tratar pol\u00edtica externa como vitrine ideol\u00f3gica e come\u00e7ar a enxerg\u00e1-la como ferramenta de Estado. O setor privado, por sua vez, precisa investir em tecnologia, rastreabilidade e agrega\u00e7\u00e3o de valor \u2014 principalmente no agro.<\/p>\n<p>Esse epis\u00f3dio tamb\u00e9m escancara a necessidade de diversifica\u00e7\u00e3o geopol\u00edtica. N\u00e3o podemos ficar \u00e0 merc\u00ea do humor de l\u00edderes estrangeiros, seja Trump ou qualquer outro. A soberania econ\u00f4mica passa por termos poder de escolha, e isso s\u00f3 se constr\u00f3i com planejamento estrat\u00e9gico de longo prazo.<\/p>\n<p>Concluindo: o tarifa\u00e7o de Trump \u00e9 um divisor de \u00e1guas. Mais do que um golpe econ\u00f4mico, \u00e9 um choque geopol\u00edtico que revela nossas fragilidades estruturais e nossa depend\u00eancia de decis\u00f5es externas. Como analista, vejo aqui uma oportunidade rara: a de usar a crise como alavanca para um novo projeto de pa\u00eds. Mas isso exige coragem pol\u00edtica, vis\u00e3o estrat\u00e9gica e uni\u00e3o de for\u00e7as entre governo, empres\u00e1rios e sociedade civil. Do contr\u00e1rio, continuaremos apenas reagindo. E perdendo.<\/p>\n<div class=\"wp-block-media-text is-stacked-on-mobile\">\n<figure class=\"wp-block-media-text__media\"><img fetchpriority=\"high\" decoding=\"async\" width=\"683\" height=\"1024\" alt=\"Miguel Daoud\" class=\"wp-image-4095706 size-full\"  data-lazy- src=\"https:\/\/agromt.news\/wp-content\/uploads\/2025\/04\/Como-guerras-e-crises-moldaram-o-preco-das-commodities-nos.jpg\"\/><img decoding=\"async\" width=\"683\" height=\"1024\" src=\"https:\/\/agromt.news\/wp-content\/uploads\/2025\/04\/Como-guerras-e-crises-moldaram-o-preco-das-commodities-nos.jpg\" alt=\"Miguel Daoud\" class=\"wp-image-4095706 size-full\"  \/><\/figure>\n<div class=\"wp-block-media-text__content\">\n<p class=\"has-text-align-center\">*<em><strong>Miguel Daoud<\/strong>\u00a0\u00e9 comentarista de Economia e Pol\u00edtica\u00a0do Canal Rural<\/em><\/p>\n<\/div>\n<\/div>\n<hr class=\"wp-block-separator has-alpha-channel-opacity\"\/>\n<p><em>O\u00a0<strong>Canal Rural<\/strong>\u00a0n\u00e3o se responsabiliza pelas opini\u00f5es e conceitos emitidos nos textos desta sess\u00e3o, sendo os conte\u00fados de inteira responsabilidade de seus autores. A empresa se reserva o direito de fazer ajustes no texto para adequa\u00e7\u00e3o \u00e0s normas de publica\u00e7\u00e3o.<\/em><\/p>\n<\/p><\/div>\n<p><br \/>\n<br \/><a href=\"https:\/\/www.canalrural.com.br\/opiniao-noticias\/trump-ataca-o-brasil-e-nos-obriga-a-repensar-o-futuro\/\">Source link <\/a><\/p>\n","protected":false},"excerpt":{"rendered":"<p>A imposi\u00e7\u00e3o de tarifas de 50% pelos Estados Unidos sobre os produtos brasileiros n\u00e3o \u00e9 apenas um rev\u00e9s comercial, \u00e9<\/p>\n","protected":false},"author":1,"featured_media":16674,"comment_status":"open","ping_status":"open","sticky":false,"template":"","format":"standard","meta":{"_monsterinsights_skip_tracking":false,"_monsterinsights_sitenote_active":false,"_monsterinsights_sitenote_note":"","_monsterinsights_sitenote_category":0,"_uf_show_specific_survey":0,"_uf_disable_surveys":false,"footnotes":""},"categories":[1],"tags":[],"class_list":["post-16673","post","type-post","status-publish","format-standard","has-post-thumbnail","hentry","category-news"],"_links":{"self":[{"href":"https:\/\/agromt.news\/index.php?rest_route=\/wp\/v2\/posts\/16673"}],"collection":[{"href":"https:\/\/agromt.news\/index.php?rest_route=\/wp\/v2\/posts"}],"about":[{"href":"https:\/\/agromt.news\/index.php?rest_route=\/wp\/v2\/types\/post"}],"author":[{"embeddable":true,"href":"https:\/\/agromt.news\/index.php?rest_route=\/wp\/v2\/users\/1"}],"replies":[{"embeddable":true,"href":"https:\/\/agromt.news\/index.php?rest_route=%2Fwp%2Fv2%2Fcomments&post=16673"}],"version-history":[{"count":0,"href":"https:\/\/agromt.news\/index.php?rest_route=\/wp\/v2\/posts\/16673\/revisions"}],"wp:featuredmedia":[{"embeddable":true,"href":"https:\/\/agromt.news\/index.php?rest_route=\/wp\/v2\/media\/16674"}],"wp:attachment":[{"href":"https:\/\/agromt.news\/index.php?rest_route=%2Fwp%2Fv2%2Fmedia&parent=16673"}],"wp:term":[{"taxonomy":"category","embeddable":true,"href":"https:\/\/agromt.news\/index.php?rest_route=%2Fwp%2Fv2%2Fcategories&post=16673"},{"taxonomy":"post_tag","embeddable":true,"href":"https:\/\/agromt.news\/index.php?rest_route=%2Fwp%2Fv2%2Ftags&post=16673"}],"curies":[{"name":"wp","href":"https:\/\/api.w.org\/{rel}","templated":true}]}}